{"id":663251,"date":"2025-12-22T00:26:15","date_gmt":"2025-12-22T00:26:15","guid":{"rendered":"https:\/\/www.europesays.com\/de\/663251\/"},"modified":"2025-12-22T00:26:15","modified_gmt":"2025-12-22T00:26:15","slug":"konzert-in-der-schleyerhalle-lachen-tanzen-weinen-so-gut-ist-die-show-von-ayliva-in-stuttgart","status":"publish","type":"post","link":"https:\/\/www.europesays.com\/de\/663251\/","title":{"rendered":"Konzert in der Schleyerhalle: Lachen! Tanzen! Weinen! So gut ist die Show von Ayliva in Stuttgart"},"content":{"rendered":"<p>Sie ist das ungl\u00fccklich verliebte M\u00e4dchen, das in der Ballade \u201eWie?\u201c alles versucht, um einem Typen jeden Wunsch zu erf\u00fcllen, der sie \u00fcberhaupt nicht verdient hat: \u201eIch zieh mich an f\u00fcr dich, aus f\u00fcr dich, geh f\u00fcr dich, lauf f\u00fcr dich!\u201c Sie ist aber auch die toughe Frau, die den wilden Dancetrack \u201eWas mir gef\u00e4llt\u201c zur Selbsterm\u00e4chtigungshymne werden l\u00e4sst: \u201eGlaub mir, Girl, du kannst alles schaff\u0435n, was du willst\/Daf\u00fcr brauchst du kein\u2019n Mann, daf\u00fcr brauchst du nur dich!\u201c<\/p>\n<p>Ayliva: Pippi Langstrumpf und Annika zugleich <\/p>\n<p>Wenn es so etwas gibt, wie das Erfolgsgeheimnis von Ayliva, die am Sonntagabend das erste ihrer drei Konzerte in der Stuttgarter <a href=\"https:\/\/www.stuttgarter-zeitung.de\/thema\/Hanns-Martin-Schleyer-Halle\" title=\"Schleyerhalle\" class=\"art_thema\" rel=\"nofollow noopener\" target=\"_blank\">Schleyerhalle<\/a> gegeben hat, dann k\u00f6nnte es dieser Mix aus Verletzlichkeit und Entschlossenheit, aus Niedlichkeit und H\u00e4rte sein, den man auch von Nina Chuba kennt. St\u00e4ndig wechseln sich an diesem Abend die Gef\u00fchlslagen, immer werden neue Facetten der Pers\u00f6nlichkeit Aylivas hervorgehoben, die Pippi Langstrumpf und Annika zugleich zu sein scheint.<\/p>\n<p> Die 27-J\u00e4hrige, die eigentlich Elif Akar hei\u00dft, aus Recklinghausen kommt, in ihrem fr\u00fcheren Leben mal Philosophie, Germanistik und Soziale Arbeit studiert (und abgebrochen) hat, ist f\u00fcr die vielen Teenager-M\u00e4dchen in der Halle so was wie die beste Freundin, die gro\u00dfe Schwester: die schon all das erlebt hat, was sie gerade selbst durchmachen; eine, die sich was traut und allen ihren Fans Mut macht, sich nicht unterkriegen zu lassen. \u201eIch will euch lachen sehen, ich will euch tanzen sehen, aber wir werden auch zusammen weinen\u201c, sagt sie zu Beginn des Konzerts. Und all das wird an diesem Abend dann auch passieren.<\/p>\n<p>R\u2019n\u2019B trifft T\u00fcrkpop <\/p>\n<p>Von den putzigen Videoeinspielern, in denen Ayliva zum vertr\u00e4umt-introvertierten Animem\u00e4dchen wird, von den kreischenden Fans, vom Auftritt Lucas von \u201eThe Voice Kids\u201c, von der manchmal etwas kitschigen B\u00fchnendeko, der Vorliebe f\u00fcrs Pathetische, darf man sich nicht t\u00e4uschen lassen: Auf der B\u00fchne steht eine sehr erwachsene Musikerin, die nicht zuf\u00e4llig schon vor drei Jahren im Vorprogramm Alisha Keys\u2019 auftreten durfte. Sie wird in <a href=\"https:\/\/www.stuttgarter-zeitung.de\/thema\/Stuttgart\" title=\"Stuttgart\" class=\"art_thema\" rel=\"nofollow noopener\" target=\"_blank\">Stuttgart<\/a> von sieben T\u00e4nzerinnen und T\u00e4nzern vor allem aber von einer gro\u00dfartigen vierk\u00f6pfigen Band begleitet. Durch Songs wie \u201eLass mich gehen\u201c oder \u201eBei Nacht\u201c schimmert eine herrlich eigent\u00fcmliche Melange aus R\u2019n\u2019B. Ayliva meistert souver\u00e4n d\u00fcster-rockige Nummern wie \u201eM\u00f6rder\u201c, inszeniert auf der B\u00fchne kniend eine Art Duett mit ihrem Gitarristen, stellt in \u201e\u00dcberlebt\u201c an einem mit rosaroten Rosen \u00fcberzogenen Klavier sitzend die eigene Sensibilit\u00e4t aus, oder gleich zweimal in dem Dancetrack \u201eNein!\u201c den Widerspruch feiert.<\/p>\n<p>Selbst als Ayliva w\u00e4hrend des Akustikteils kurz mal unterbrechen muss, weil ihr die Stimme wegbleibt, reagiert sie verbl\u00fcffend professionell und bekennt sich ehrlich-unpr\u00e4tenti\u00f6s zu ihrer Schw\u00e4che und arbeitet mit ihrer Heiserkeit anstatt sie zu \u00fcberspielen. Urspr\u00fcnglich sollten Aylivas Shows in Stuttgart bereits im Oktober stattfinden. Wegen \u00dcberlastung und Stimmproblemen hatte sie die Termine aber auf Dezember verschoben.<\/p>\n<p>Soundtrack der Selbsterm\u00e4chtigung <\/p>\n<p>Das gr\u00fcne Glitzer-Outfit mit hohen wei\u00dfen Stiefeln, in dem sie das Publikum am Sonntagabend in der Schleyerhalle mit einem \u201eStuuuttgart\u201c-Ruf begr\u00fc\u00dft, tr\u00e4gt sie auch zwei Stunden sp\u00e4ter noch, als sie den Zugabenteil mit \u201eDeine Schuld\u201c, ihrem allerersten Songs, der vor rund vier Jahren erschien, er\u00f6ffnet. Als sie fr\u00fch am Abend bei \u201eWei\u00dfes Haus\u201c auf eine Leinwand ein gro\u00dfes P malt, hinter dem sich ein Hinweis auf den Nachfolger ihres Albums \u201eIn Liebe\u201c (2024) verbergen soll, der im kommen Jahr erscheint, behauptet sie:. \u201eVielleicht verk\u00fcnde ich hier in Stuttgart den Titel meines neuen Albums.\u201c Doch als die Show kurz vor 22 Uhr zu Ende ist, hat sie das Geheimnis doch f\u00fcr sich behalten. Daf\u00fcr gibt sie ihrem Publikum aber viel wichtigere Botschaften mit auf dem Heimweg. So sagt sie etwa: \u201eEine der wichtigsten Sachen im Leben, ist sich selbst vergeben zu k\u00f6nnen!\u201c Oder: \u201eEgal was andere sagen, ihr m\u00fcsst nicht perfekt sein!\u201c Oder: \u201eIch hoffe, dass ich euch mitgeben kann, dass ihr immer an euch glaubt!\u201c Solange Menschen wie Ayliva Vorbilder f\u00fcr junge Menschen sind, muss man sich um die Zukunft keine Sorgen machen. \ufeff<\/p>\n<p> Ayliva in Stuttgart \u2013 Tickets und Termine <\/p>\n<p>Gleich dreimal tritt Ayliva in Stuttgart in der Schleyerhalle. Nach dem <a href=\"https:\/\/www.stuttgarter-zeitung.de\/thema\/Konzert\" title=\"Konzert\" class=\"art_thema\" rel=\"nofollow noopener\" target=\"_blank\">Konzert<\/a> am 21. Dezember stehen noch Konzerte am Montag, 22. Dezember, und am Dienstag, 23. Dezember, auf dem Programm. Beginn ist jeweils um 19:45 Uhr. <a href=\"https:\/\/www.ayliva.de\/\" target=\"_blank\" rel=\"nofollow noopener\">F\u00fcr die Konzerte gibt es hier noch Resttickets.<\/a> <\/p>\n","protected":false},"excerpt":{"rendered":"Sie ist das ungl\u00fccklich verliebte M\u00e4dchen, das in der Ballade \u201eWie?\u201c alles versucht, um einem Typen jeden Wunsch&hellip;\n","protected":false},"author":2,"featured_media":663252,"comment_status":"","ping_status":"","sticky":false,"template":"","format":"standard","meta":{"footnotes":""},"categories":[1830],"tags":[121959,1634,3364,29,30,15658,1310,1229,80,154826,24599,1441],"class_list":{"0":"post-663251","1":"post","2":"type-post","3":"status-publish","4":"format-standard","5":"has-post-thumbnail","7":"category-stuttgart","8":"tag-ayliva","9":"tag-baden-wuerttemberg","10":"tag-de","11":"tag-deutschland","12":"tag-germany","13":"tag-hanns-martin-schleyer-halle","14":"tag-konzert","15":"tag-kritik","16":"tag-kultur","17":"tag-nachholkonzerte","18":"tag-setlist","19":"tag-stuttgart"},"share_on_mastodon":{"url":"https:\/\/pubeurope.com\/@de\/115760384210086811","error":""},"_links":{"self":[{"href":"https:\/\/www.europesays.com\/de\/wp-json\/wp\/v2\/posts\/663251","targetHints":{"allow":["GET"]}}],"collection":[{"href":"https:\/\/www.europesays.com\/de\/wp-json\/wp\/v2\/posts"}],"about":[{"href":"https:\/\/www.europesays.com\/de\/wp-json\/wp\/v2\/types\/post"}],"author":[{"embeddable":true,"href":"https:\/\/www.europesays.com\/de\/wp-json\/wp\/v2\/users\/2"}],"replies":[{"embeddable":true,"href":"https:\/\/www.europesays.com\/de\/wp-json\/wp\/v2\/comments?post=663251"}],"version-history":[{"count":0,"href":"https:\/\/www.europesays.com\/de\/wp-json\/wp\/v2\/posts\/663251\/revisions"}],"wp:featuredmedia":[{"embeddable":true,"href":"https:\/\/www.europesays.com\/de\/wp-json\/wp\/v2\/media\/663252"}],"wp:attachment":[{"href":"https:\/\/www.europesays.com\/de\/wp-json\/wp\/v2\/media?parent=663251"}],"wp:term":[{"taxonomy":"category","embeddable":true,"href":"https:\/\/www.europesays.com\/de\/wp-json\/wp\/v2\/categories?post=663251"},{"taxonomy":"post_tag","embeddable":true,"href":"https:\/\/www.europesays.com\/de\/wp-json\/wp\/v2\/tags?post=663251"}],"curies":[{"name":"wp","href":"https:\/\/api.w.org\/{rel}","templated":true}]}}