{"id":663310,"date":"2025-12-22T01:02:13","date_gmt":"2025-12-22T01:02:13","guid":{"rendered":"https:\/\/www.europesays.com\/de\/663310\/"},"modified":"2025-12-22T01:02:13","modified_gmt":"2025-12-22T01:02:13","slug":"weihnachtszirkus-chemnitz-lockt-mit-spektakulaerer-wassershow","status":"publish","type":"post","link":"https:\/\/www.europesays.com\/de\/663310\/","title":{"rendered":"Weihnachtszirkus Chemnitz lockt mit spektakul\u00e4rer Wassershow"},"content":{"rendered":"<p class=\"bold\">\n\t\t\t\t\t\t\t\t\t\tZum dritten Mal l\u00e4dt Zirkusdirektor Norbert Friedrich zum Weihnachtszirkus auf den Hartmannplatz in Chemnitz. Und dieses Jahr geht es in der Manege nass zu. Was dahinter steckt und wer die ersten Zuschauer waren.\t\t\t\t<\/p>\n<p>\t\t\t\t Noch bevor der Weihnachtszirkus Chemnitz am Donnerstag offiziell seine Tore ge\u00f6ffnet hatte, geh\u00f6rte die Manege traditionell einem besonderen Publikum. Zur Vorpremiere l\u00e4dt der Zirkus jedes Jahr Kinder aus Heimen, F\u00f6rderschulen sowie Menschen aus sozialen Einrichtungen ein, die sich einen regul\u00e4ren Besuch sonst kaum leisten k\u00f6nnten. Auch in&#8230;<\/p>\n<p>\t\t<img decoding=\"async\" class=\"fp-plus-logo\" src=\"https:\/\/www.freiepresse.de\/img\/fpplus.svg\" alt=\"Freie Presse plus Logo\"\/><\/p>\n<p>Registrieren und testen.<\/p>\n<p>Jetzt mit Ihrer Registrierung 1 Monat gratis testen und alle Beitr\u00e4ge lesen.<\/p>\n<p>Schon Abonnent? Melden Sie sich mit ihren Zugangsdaten an.<\/p>\n","protected":false},"excerpt":{"rendered":"Zum dritten Mal l\u00e4dt Zirkusdirektor Norbert Friedrich zum Weihnachtszirkus auf den Hartmannplatz in Chemnitz. Und dieses Jahr geht&hellip;\n","protected":false},"author":2,"featured_media":663311,"comment_status":"","ping_status":"","sticky":false,"template":"","format":"standard","meta":{"footnotes":""},"categories":[1851],"tags":[2770,3364,29,548,663,3934,30,13,7504,14,15,859,12],"class_list":{"0":"post-663310","1":"post","2":"type-post","3":"status-publish","4":"format-standard","5":"has-post-thumbnail","7":"category-chemnitz","8":"tag-chemnitz","9":"tag-de","10":"tag-deutschland","11":"tag-eu","12":"tag-europa","13":"tag-europe","14":"tag-germany","15":"tag-headlines","16":"tag-museen-theater-buehne-ausstellungen","17":"tag-nachrichten","18":"tag-news","19":"tag-sachsen","20":"tag-schlagzeilen"},"share_on_mastodon":{"url":"https:\/\/pubeurope.com\/@de\/115760526347055067","error":""},"_links":{"self":[{"href":"https:\/\/www.europesays.com\/de\/wp-json\/wp\/v2\/posts\/663310","targetHints":{"allow":["GET"]}}],"collection":[{"href":"https:\/\/www.europesays.com\/de\/wp-json\/wp\/v2\/posts"}],"about":[{"href":"https:\/\/www.europesays.com\/de\/wp-json\/wp\/v2\/types\/post"}],"author":[{"embeddable":true,"href":"https:\/\/www.europesays.com\/de\/wp-json\/wp\/v2\/users\/2"}],"replies":[{"embeddable":true,"href":"https:\/\/www.europesays.com\/de\/wp-json\/wp\/v2\/comments?post=663310"}],"version-history":[{"count":0,"href":"https:\/\/www.europesays.com\/de\/wp-json\/wp\/v2\/posts\/663310\/revisions"}],"wp:featuredmedia":[{"embeddable":true,"href":"https:\/\/www.europesays.com\/de\/wp-json\/wp\/v2\/media\/663311"}],"wp:attachment":[{"href":"https:\/\/www.europesays.com\/de\/wp-json\/wp\/v2\/media?parent=663310"}],"wp:term":[{"taxonomy":"category","embeddable":true,"href":"https:\/\/www.europesays.com\/de\/wp-json\/wp\/v2\/categories?post=663310"},{"taxonomy":"post_tag","embeddable":true,"href":"https:\/\/www.europesays.com\/de\/wp-json\/wp\/v2\/tags?post=663310"}],"curies":[{"name":"wp","href":"https:\/\/api.w.org\/{rel}","templated":true}]}}