{"id":663378,"date":"2025-12-22T01:42:16","date_gmt":"2025-12-22T01:42:16","guid":{"rendered":"https:\/\/www.europesays.com\/de\/663378\/"},"modified":"2025-12-22T01:42:16","modified_gmt":"2025-12-22T01:42:16","slug":"wie-bremer-forscher-und-angler-den-lachs-in-der-weser-retten-wollen","status":"publish","type":"post","link":"https:\/\/www.europesays.com\/de\/663378\/","title":{"rendered":"Wie Bremer Forscher und Angler den Lachs in der Weser retten wollen"},"content":{"rendered":"<p class=\"article-toplinewrapper\">\n<p>Standdatum: 21. Dezember 2025.<\/p>\n<p>Autorinnen und Autoren:<br \/>\nMatthias R\u00f6hrs<\/p>\n<p><img decoding=\"async\" class=\"image -image-with-fallback -image-rounded  lazyload\" src=\"data:image\/gif;base64,R0lGODlhEAAJAIAAAP\/\/\/\/\/\/\/yH5BAEKAAEALAAAAAAQAAkAAAIKjI+py+0Po5yUFQA7\"   alt=\"Isabel Tanzberger entnimmt im Dunklen die Rogen eines Lachs und sammelt diese in einem Eimer\" data-image-owner=\"Isabel Tanzberger\" data-image-title=\"Isabel Tanzberger entnimmt im Dunklen die Rogen eines Lachs und sammelt diese in einem Eimer\" data-image-src=\"https:\/\/www.butenunbinnen.de\/bilder\/lachs-fangen-retten-weser-100~_v-800x450_c-1766055051795.jpg\" data-image-rights-src=\"\/bilder\/lachs-fangen-retten-weser-100~_v-640x360_c-1766055051795.jpg\"\/><\/p>\n<p>Die Fische werden nach der Rogen-Entnahme zur\u00fcck ins Wasser gesetzt und erleiden keinen Schaden.<\/p>\n<p>Bild: Isabel Tanzberger<\/p>\n<p class=\"article-intro\"><strong>In der Weser leben viele Fischarten \u2013 doch Wanderfische wie der Lachs k\u00e4mpfen ums \u00dcberleben. Bremer Forscher und Angler wollen das \u00e4ndern und ihnen bei der Vermehrung helfen.<\/strong><\/p>\n<p>Die gute Nachricht: Die Artenvielfalt in der Weser ist relativ hoch. Das sagt Thomas Klefoth, Professor f\u00fcr \u00d6kologie und Naturschutz an der Hochschule Bremen. Die schlechte Nachricht: Einige Fischarten sind stark bedroht. Insbesondere Wanderfische wie der Lachs, die Meerforelle oder auch das Neunauge. Gerade die Geb\u00e4ude am Fluss w\u00fcrden den Tieren das Leben schwer machen, sagt Klefoth.\u00a0 <\/p>\n<p>&#8222;Wir haben Querverbauungen wie das Weserwehr in Hemelingen, das schwer zu \u00fcberwinden ist f\u00fcr die Fische. Dazu gibt es viele weitere kleinere Wehre, die den Aufstieg der Fische erschweren oder sogar verhindern&#8220;, erl\u00e4utert Klefoth. Au\u00dferdem fehle es h\u00e4ufig an Pl\u00e4tzen, wo die Fische laichen k\u00f6nnen, also zum Beispiel Kiesb\u00e4nke oder nat\u00fcrliche Flussstrukturen wie Auen. Fischlaich, also die Eier, die in den Kiesb\u00e4nken abgelegt wurden, erstickten heutzutage oft unter Sand.<\/p>\n<p>Lachs soll sich wieder besser vermehren k\u00f6nnen<\/p>\n<p><a href=\"https:\/\/www.butenunbinnen.de\/bilder\/lachs-fische-weser-eier-100~_v-512x288_c-1766055010433.jpg\" data-gallery-entry-for=\"bremen-weser-lachs-retten-100\" data-size=\"1280x720\" class=\"text-link\" rel=\"nofollow noopener\" target=\"_blank\"><\/p>\n<p><img decoding=\"async\" class=\"image -image-with-fallback -image-rounded  lazyload\" src=\"data:image\/gif;base64,R0lGODlhEAAJAIAAAP\/\/\/\/\/\/\/yH5BAEKAAEALAAAAAAQAAkAAAIKjI+py+0Po5yUFQA7\"   alt=\"Fabian Buldt bei der Sperma-Entnahme bei der m\u00e4nnlichen Regenbogenforelle \" title=\"Bild: Sandra Bauschke\" data-image-owner=\"Sandra Bauschke\" data-image-title=\"Fabian Buldt bei der Sperma-Entnahme bei der m\u00e4nnlichen Regenbogenforelle \" data-image-src=\"https:\/\/www.butenunbinnen.de\/bilder\/lachs-fische-weser-eier-100~_v-512x288_c-1766055010433.jpg\" data-image-rights-src=\"\/bilder\/lachs-fische-weser-eier-100~_v-640x360_c-1766055010433.jpg\"\/><\/p>\n<p><\/a><\/p>\n<p>Die Sperma-Entnahme einer m\u00e4nnlichen Regenbogenforelle.<\/p>\n<p>Bild: Sandra Bauschke<\/p>\n<p>Das f\u00fchre dazu, dass einige Arten kurz vorm Aussterben sind \u2013 oder zumindest stark bedroht. Zumindest f\u00fcr den Lachs soll es nun aber wieder aufw\u00e4rtsgehen. Zusammen mit den Angelvereinen in der Region versucht die Hochschule Bremen seit November, seinen Bestand in der Weser und ihren Nebenfl\u00fcssen wieder zu vergr\u00f6\u00dfern: mit dem &#8222;Weser-Lachs-Projekt&#8220;. <\/p>\n<p>Zun\u00e4chst gibt es dabei ein Monitoring, bei dem das Projektteam schaut, welche Methoden der Renaturierung wie gut funktionieren. Doktorandin Isabel Tanzberger, die das Projekt ma\u00dfgeblich durchf\u00fchrt, erkl\u00e4rt, dass dabei zun\u00e4chst einmal untersucht werde, was bereits geschieht, um die Lachse zu sch\u00fctzen und zu vermehren. <\/p>\n<p>Neues Bruthaus am Bremer Stadtwaldsee soll helfen<\/p>\n<p><a href=\"https:\/\/www.butenunbinnen.de\/bilder\/lachs-rogen-retten-weser-100~_v-512x288_c-1766055037746.jpg\" data-gallery-entry-for=\"bremen-weser-lachs-retten-100\" data-size=\"1280x720\" class=\"text-link\" rel=\"nofollow noopener\" target=\"_blank\"><\/p>\n<p><img decoding=\"async\" class=\"image -image-with-fallback -image-rounded  lazyload\" src=\"data:image\/gif;base64,R0lGODlhEAAJAIAAAP\/\/\/\/\/\/\/yH5BAEKAAEALAAAAAAQAAkAAAIKjI+py+0Po5yUFQA7\"   alt=\"Die Rogen eines Lachses werden in einem Eimer gesammelt\" title=\"Bild: Isabel Tanzberger\" data-image-owner=\"Isabel Tanzberger\" data-image-title=\"Die Rogen eines Lachses werden in einem Eimer gesammelt\" data-image-src=\"https:\/\/www.butenunbinnen.de\/bilder\/lachs-rogen-retten-weser-100~_v-512x288_c-1766055037746.jpg\" data-image-rights-src=\"\/bilder\/lachs-rogen-retten-weser-100~_v-640x360_c-1766055037746.jpg\"\/><\/p>\n<p><\/a><\/p>\n<p>Die Eier und Samen kommen in ein Bruthaus.<\/p>\n<p>Bild: Isabel Tanzberger<\/p>\n<p>Das Ziel: Handlungsempfehlungen, wie die Lachs-Population lokal wieder steigen kann \u2013 zun\u00e4chst in der Region, aber sp\u00e4ter vielleicht auch in ganz Europa, umrei\u00dft Projektleiter Klefoth. Dazu pr\u00fcft die Hochschule unter anderem, wie gut \u00e4hnliche Projekte funktionieren und probiert selbst einiges aus. Das bedeutet: viele Gespr\u00e4che mit den Angelvereinen und allen anderen Verb\u00e4nden, die mit der Weser zu tun haben \u2013 also zum Beispiel Deichverb\u00e4nde, Unterhaltungsverb\u00e4nde und mehr. <\/p>\n<p>In der Praxis stehen Isabel Tanzberger und das Projektteam oft selbst an den Fl\u00fcssen und B\u00e4chen der Region und fangen Fische. Diese werden dann &#8222;abgestriffen&#8220;. &#8222;Das hei\u00dft, wir haben Eier und Samen gewonnen, die dann in ein Bruthaus kommen, wo die Fische aufgezogen werden, bevor sie wieder ausgesetzt werden&#8220;, erkl\u00e4rt Tanzberger.<\/p>\n<p>&#8222;Leuchtturmprojekt&#8220; f\u00fcr die Region<\/p>\n<p><a href=\"https:\/\/www.butenunbinnen.de\/bilder\/lachs-suche-retten-weser-100~_v-512x288_c-1766055023156.jpg\" data-gallery-entry-for=\"bremen-weser-lachs-retten-100\" data-size=\"1280x720\" class=\"text-link\" rel=\"nofollow noopener\" target=\"_blank\"><\/p>\n<p><img decoding=\"async\" class=\"image -image-with-fallback -image-rounded  lazyload\" src=\"data:image\/gif;base64,R0lGODlhEAAJAIAAAP\/\/\/\/\/\/\/yH5BAEKAAEALAAAAAAQAAkAAAIKjI+py+0Po5yUFQA7\"   alt=\"Isabel Tanzberger, Maik Buldt und Martin Sch\u00fcppel vom Fischerei- und Gew\u00e4sserschutz-Verein Lilienthal und Umgebung e.V. beim Laichfischfang an der W\u00f6rpe H\u00f6he Grasberg\/Wilstedt.\" title=\"Bild: Isabel Tanzberger\" data-image-owner=\"Isabel Tanzberger\" data-image-title=\"Isabel Tanzberger, Maik Buldt und Martin Sch\u00fcppel vom Fischerei- und Gew\u00e4sserschutz-Verein Lilienthal und Umgebung e.V. beim Laichfischfang an der W\u00f6rpe H\u00f6he Grasberg\/Wilstedt.\" data-image-src=\"https:\/\/www.butenunbinnen.de\/bilder\/lachs-suche-retten-weser-100~_v-512x288_c-1766055023156.jpg\" data-image-rights-src=\"\/bilder\/lachs-suche-retten-weser-100~_v-640x360_c-1766055023156.jpg\"\/><\/p>\n<p><\/a><\/p>\n<p>Isabel Tanzberger, Maik Buldt und Martin Sch\u00fcppel vom Fischerei- und Gew\u00e4sserschutz-Verein Lilienthal und Umgebung e.V. beim Laichfischfang an der W\u00f6rpe.<\/p>\n<p>Bild: Isabel Tanzberger<\/p>\n<p>Ein solches Bruthaus m\u00f6chte der Sportfischer-Verein Bremen ab 2026 am Stadtwaldsee in Bremen bauen. Der definiert sich als erster Natur- und Gew\u00e4sserschutzverein Bremens, gegr\u00fcndet 1908 aus einem Protest gegen das Weserwehr in Hemelingen. Claus Lumma, Referent f\u00fcr Gew\u00e4sserschutz im Verein, spricht von einem Leuchtturm-Projekt in der Region. <\/p>\n<p>Es sei im Prinzip eine Halle mit vielen Schr\u00e4nken drin \u2013 so beschreibt er grob das Projekt. Die Auswirkungen: gro\u00df. Bis zu eine Million Junglachse im Jahr sollen irgendwann mal von dort aus ausgewildert werden. Ohne die Gefahr, vorher zu ersticken oder von R\u00e4ubern gefressen zu werden.<\/p>\n<p>Gr\u00f6\u00dfere dieser sogenannten Br\u00fctlinge werden zus\u00e4tzlich mit Sendern ausgestattet, um sp\u00e4ter ihren Weg nachverfolgen zu k\u00f6nnen. Auch das ist Teil des &#8222;Weser-Lachs-Projekts&#8220;. Rund zwei Millionen Euro kostet die Aufzuchtstation, die H\u00e4lfte muss der Verein selbst aufbringen. <\/p>\n<p>Lachs darf auch k\u00fcnftig nicht beangelt werden<\/p>\n<p>&#8222;Wir als Verein wollen damit ein Signal f\u00fcr die Region setzen. Um zu zeigen: Die Fische, und gerade auch der Lachs, brauchen hier eine Lobby. Damit sie nicht nur ger\u00e4uchert auf dem Br\u00f6tchen landen, sondern dass sie in unseren Gew\u00e4ssern fortbestehen k\u00f6nnen&#8220;, so Lumma. Das bedeutet auch, dass die Lachse nicht geangelt werden d\u00fcrfen.<\/p>\n<p>Das Weserlachs-Projekt ist zun\u00e4chst f\u00fcr anderthalb Jahre ausgelegt, kann aber verl\u00e4ngert werden, sagt Isabel Tanzberger. Dass es funktionieren kann, zeige ein \u00e4hnliches Projekt mit dem Nordseeschn\u00e4pel, so Claus Lumma. Der Nordseeschn\u00e4pel vermehre sich in der Region mittlerweile wieder aus eigener Kraft. Ein Erfolg, den Verein und Hochschule gerne wiederholen w\u00fcrden \u2013 nur eben mit dem Lachs.<\/p>\n<p class=\"article-legal-agencies\"><strong>Quelle<\/strong>:<br \/>\nbuten un binnen.\n<\/p>\n<p class=\"article-legal-broadcast-reference\"><strong>Dieses Thema im Programm:<\/strong><br \/>\nBremen Eins, Der Nachmittag, 19. Dezember 2025, 16.46 Uhr<\/p>\n","protected":false},"excerpt":{"rendered":"Standdatum: 21. Dezember 2025. Autorinnen und Autoren: Matthias R\u00f6hrs Die Fische werden nach der Rogen-Entnahme zur\u00fcck ins Wasser&hellip;\n","protected":false},"author":2,"featured_media":663379,"comment_status":"","ping_status":"","sticky":false,"template":"","format":"standard","meta":{"footnotes":""},"categories":[1824],"tags":[6998,2420,3364,29,30,98957,4978],"class_list":{"0":"post-663378","1":"post","2":"type-post","3":"status-publish","4":"format-standard","5":"has-post-thumbnail","7":"category-bremen","8":"tag-retten","9":"tag-bremen","10":"tag-de","11":"tag-deutschland","12":"tag-germany","13":"tag-lachs","14":"tag-weser"},"share_on_mastodon":{"url":"https:\/\/pubeurope.com\/@de\/115760683207139062","error":""},"_links":{"self":[{"href":"https:\/\/www.europesays.com\/de\/wp-json\/wp\/v2\/posts\/663378","targetHints":{"allow":["GET"]}}],"collection":[{"href":"https:\/\/www.europesays.com\/de\/wp-json\/wp\/v2\/posts"}],"about":[{"href":"https:\/\/www.europesays.com\/de\/wp-json\/wp\/v2\/types\/post"}],"author":[{"embeddable":true,"href":"https:\/\/www.europesays.com\/de\/wp-json\/wp\/v2\/users\/2"}],"replies":[{"embeddable":true,"href":"https:\/\/www.europesays.com\/de\/wp-json\/wp\/v2\/comments?post=663378"}],"version-history":[{"count":0,"href":"https:\/\/www.europesays.com\/de\/wp-json\/wp\/v2\/posts\/663378\/revisions"}],"wp:featuredmedia":[{"embeddable":true,"href":"https:\/\/www.europesays.com\/de\/wp-json\/wp\/v2\/media\/663379"}],"wp:attachment":[{"href":"https:\/\/www.europesays.com\/de\/wp-json\/wp\/v2\/media?parent=663378"}],"wp:term":[{"taxonomy":"category","embeddable":true,"href":"https:\/\/www.europesays.com\/de\/wp-json\/wp\/v2\/categories?post=663378"},{"taxonomy":"post_tag","embeddable":true,"href":"https:\/\/www.europesays.com\/de\/wp-json\/wp\/v2\/tags?post=663378"}],"curies":[{"name":"wp","href":"https:\/\/api.w.org\/{rel}","templated":true}]}}