{"id":663400,"date":"2025-12-22T01:56:16","date_gmt":"2025-12-22T01:56:16","guid":{"rendered":"https:\/\/www.europesays.com\/de\/663400\/"},"modified":"2025-12-22T01:56:16","modified_gmt":"2025-12-22T01:56:16","slug":"pol-f-251221-1319-frankfurt-niederrad-vermisste-person","status":"publish","type":"post","link":"https:\/\/www.europesays.com\/de\/663400\/","title":{"rendered":"POL-F: 251221 &#8211; 1319 Frankfurt-Niederrad: Vermisste Person"},"content":{"rendered":"<p class=\"date\">21.12.2025 \u2013 20:24<\/p>\n<p class=\"customer\">\n                        <a class=\"story-customer\" title=\"weiter zum newsroom von Polizeipr\u00e4sidium Frankfurt am Main\" href=\"https:\/\/www.presseportal.de\/blaulicht\/nr\/4970\" target=\"_blank\" rel=\"noopener\">Polizeipr\u00e4sidium Frankfurt am Main<\/a>\n                    <\/p>\n<p><a class=\"glightbox event-trigger\" href=\"https:\/\/cache.pressmailing.net\/thumbnail\/story_hires\/6ba8a5e2-ac4d-48a2-9c7f-e699c9b535ff\/20251221_Graf.jpg.jpg\" data-description=\"VMS\" data-category=\"medialightbox\" data-action=\"click\" data-label=\"single\" data-value=\"6948496f270000fd2c4dc3e7\" target=\"_blank\" rel=\"noopener\"><img decoding=\"async\" height=\"540\" with=\"720\" src=\"https:\/\/www.europesays.com\/de\/wp-content\/uploads\/2025\/12\/pol-f-251221-1319-frankfurt-niederrad-vermisste-person.jpeg\"   alt=\"POL-F: 251221 - 1319 Frankfurt-Niederrad: Vermisste Person\" class=\"single\"\/><\/a><\/p>\n<p><a data-category=\"citylink-story-view\" data-action=\"click\" data-label=\"Citylink in Meldungsansicht\" class=\"story-city event-trigger\" href=\"https:\/\/www.presseportal.de\/regional\/Frankfurt\" title=\"News aus Frankfurt \" target=\"_blank\" rel=\"noopener\">Frankfurt<\/a> (ots)<\/p>\n<p>(bo) Seit heute Vormittag (21. Dezember 2025) wird der 50-j\u00e4hrige Christian G. vermisst. Herr Christian G. ist von der Station 93.5, der Uniklinik Frankfurt am Main abg\u00e4ngig.<br \/>\nHerr G. habe gegen 08:15 Uhr das Gel\u00e4nde der Uniklinik verlassen und sei bisher nicht auf seine Station zur\u00fcckgekehrt. Christian G. k\u00f6nnte sich in einer hilflosen Lage befinden und ist auf Medikamente angewiesen. Bei Nichteinnahme ist er nicht mehr orientiert, als auch der deutschen Sprache nicht mehr m\u00e4chtig und beginnt Englisch oder eine nicht zu verstehende Sprache zu sprechen.<\/p>\n<p>Christian G. kann wie folgt beschrieben werden:<\/p>\n<p>M\u00e4nnlich, circa 179 cm gro\u00df, sehr schlanke Statur (65 kg), tr\u00e4gt kurze, dunkelblonde Haare und ggf. einen 5-Tage-Bart, er ist bekleidet mit einer grauen Funktionshose, einer grauen Daunenjacke mit gr\u00fcnem Schulterbereich, einer schwarzen Adidas M\u00fctze und Sneakern. Zudem ist er starker Raucher.<\/p>\n<p>Wer Hat Christian G. gesehen? F\u00fcr Hinweise auf den Aufenthaltsort w\u00e4hlen Sie bitte die Telefonnummer des Polizeipr\u00e4sidiums Frankfurt am Main unter der 069 \/ 755-51199 oder von jeder anderen Polizeidienststelle.<\/p>\n<p class=\"contact-headline\">R\u00fcckfragen bitte an:<\/p>\n<p class=\"contact-text\">Polizeipr\u00e4sidium Frankfurt am Main<br \/>Pressestelle<br \/>Adickesallee 70<br \/>60322 Frankfurt am Main<br \/>Telefon: 069 \/ 755-82110 (CvD)<br \/>Fax: 069 \/ 755-82009<br \/>E-Mail: <a href=\"https:\/\/www.presseportal.de\/blaulicht\/pm\/4970\/mailto: pressestelle.ppffm@polizei.hessen.de\" class=\"uri-mailto\" target=\"_blank\" rel=\"noopener\"> pressestelle.ppffm@polizei.hessen.de<\/a><br \/>Homepage Polizeipr\u00e4sidium Ffm.: <a target=\"_blank\" class=\"uri-ext outbound\" rel=\"noopener\" href=\"http:\/\/www.polizei.hessen.de\/ppffm\">http:\/\/www.polizei.hessen.de\/ppffm<\/a><\/p>\n<p class=\"originator\">Original-Content von: Polizeipr\u00e4sidium Frankfurt am Main, \u00fcbermittelt durch news aktuell<\/p>\n","protected":false},"excerpt":{"rendered":"21.12.2025 \u2013 20:24 Polizeipr\u00e4sidium Frankfurt am Main Frankfurt (ots) (bo) Seit heute Vormittag (21. Dezember 2025) wird der&hellip;\n","protected":false},"author":2,"featured_media":663401,"comment_status":"","ping_status":"","sticky":false,"template":"","format":"standard","meta":{"footnotes":""},"categories":[1829],"tags":[29,2050,2051,30,1087,2052,177,121,178,180,179,181],"class_list":{"0":"post-663400","1":"post","2":"type-post","3":"status-publish","4":"format-standard","5":"has-post-thumbnail","7":"category-frankfurt-am-main","8":"tag-deutschland","9":"tag-frankfurt","10":"tag-frankfurt-am-main","11":"tag-germany","12":"tag-he","13":"tag-hessen","14":"tag-kriminalitt","15":"tag-polizei","16":"tag-presse","17":"tag-pressemeldung","18":"tag-pressemitteilung","19":"tag-pressemitteilungen"},"share_on_mastodon":{"url":"https:\/\/pubeurope.com\/@de\/115760738732143932","error":""},"_links":{"self":[{"href":"https:\/\/www.europesays.com\/de\/wp-json\/wp\/v2\/posts\/663400","targetHints":{"allow":["GET"]}}],"collection":[{"href":"https:\/\/www.europesays.com\/de\/wp-json\/wp\/v2\/posts"}],"about":[{"href":"https:\/\/www.europesays.com\/de\/wp-json\/wp\/v2\/types\/post"}],"author":[{"embeddable":true,"href":"https:\/\/www.europesays.com\/de\/wp-json\/wp\/v2\/users\/2"}],"replies":[{"embeddable":true,"href":"https:\/\/www.europesays.com\/de\/wp-json\/wp\/v2\/comments?post=663400"}],"version-history":[{"count":0,"href":"https:\/\/www.europesays.com\/de\/wp-json\/wp\/v2\/posts\/663400\/revisions"}],"wp:featuredmedia":[{"embeddable":true,"href":"https:\/\/www.europesays.com\/de\/wp-json\/wp\/v2\/media\/663401"}],"wp:attachment":[{"href":"https:\/\/www.europesays.com\/de\/wp-json\/wp\/v2\/media?parent=663400"}],"wp:term":[{"taxonomy":"category","embeddable":true,"href":"https:\/\/www.europesays.com\/de\/wp-json\/wp\/v2\/categories?post=663400"},{"taxonomy":"post_tag","embeddable":true,"href":"https:\/\/www.europesays.com\/de\/wp-json\/wp\/v2\/tags?post=663400"}],"curies":[{"name":"wp","href":"https:\/\/api.w.org\/{rel}","templated":true}]}}