{"id":663410,"date":"2025-12-22T02:02:16","date_gmt":"2025-12-22T02:02:16","guid":{"rendered":"https:\/\/www.europesays.com\/de\/663410\/"},"modified":"2025-12-22T02:02:16","modified_gmt":"2025-12-22T02:02:16","slug":"fussball-bundesliga-muenchen-nach-sieg-gegen-heidenheim-herbstmeister","status":"publish","type":"post","link":"https:\/\/www.europesays.com\/de\/663410\/","title":{"rendered":"Fu\u00dfball-Bundesliga &#8211; M\u00fcnchen nach Sieg gegen Heidenheim Herbstmeister"},"content":{"rendered":"<p>                    <img decoding=\"async\" loading=\"lazy\" class=\"internal-image\" title=\"Das Bild zeigt zwei Fu\u00dfballer, die sich seitlich umarmen und ihre beiden freien H\u00e4nde zum Torjubel hochrecken.\" alt=\"Das Bild zeigt zwei Fu\u00dfballer, die sich seitlich umarmen und ihre beiden freien H\u00e4nde zum Torjubel hochrecken.\" src=\"https:\/\/www.europesays.com\/de\/wp-content\/uploads\/2025\/12\/muenchen-herbstmeister-100-1920x1080.jpg\" \/><\/p>\n<p>                  Die M\u00fcnchner Luis D\u00edaz (l) und Harry Kane jubeln nach dem Tor zum 0:3 gegen Heidenheim. (Harry Langer \/ dpa )<\/p>\n<p>Mit seinem Sieg sicherte sich der FC Bayern zum nunmehr 28. Mal die sogenannte Herbst- oder Hinrundenmeisterschaft. Die M\u00fcnchner gewannen zum Jahresabschluss mit 4:0 (2:0) beim abstiegsgef\u00e4hrdeten 1. FC Heidenheim und feierten damit den 22. Sieg im 25. Pflichtspiel der Saison. In die letzten beiden Partien der Hinrunde im Januar geht die Mannschaft von Trainer Vincent Kompany mit neun Punkten Vorsprung auf Verfolger Borussia Dortmund.<\/p>\n<p>Josip Stanisic (15. Minute), Michael Olise (32.), Luis D\u00edaz (86.) und Harry Kane (90.+2) trafen vor 15.000 Zuschauern f\u00fcr die M\u00fcnchner. Heidenheim kassierte in der 15. Liga-Partie der laufenden Spielzeit schon die 10. Niederlage und \u00fcberwintert auf einem direkten Abstiegsplatz.<\/p>\n<p>Zuvor hatten sich im Kellerduell Schlusslicht FSV Mainz 05 und der FC St. Pauli torlos getrennt. Den Gastgebern gelang mit dem 0:0 im letzten Spiel vor der Winterpause nicht die dringend ben\u00f6tigte Entlastung auf dem Punktekonto. Drei Tage nach dem umjubelten Einzug ins Achtelfinale der Conference League lieferten die Rheinhessen vor 33.000 Zuschauern eine entt\u00e4uschende Offensivleistung ab und gehen mit weiter vier Punkten R\u00fcckstand auf die Hamburger in die kurze Winterpause. Auch St. Pauli \u00fcberwintert im Abstiegskampf in der Gefahrenzone.<\/p>\n<p>Diese Nachricht wurde am 21.12.2025 im Programm Deutschlandfunk gesendet.<\/p>\n","protected":false},"excerpt":{"rendered":"Die M\u00fcnchner Luis D\u00edaz (l) und Harry Kane jubeln nach dem Tor zum 0:3 gegen Heidenheim. (Harry Langer&hellip;\n","protected":false},"author":2,"featured_media":663411,"comment_status":"","ping_status":"","sticky":false,"template":"","format":"standard","meta":{"footnotes":""},"categories":[1827],"tags":[772,29,30,1268],"class_list":{"0":"post-663410","1":"post","2":"type-post","3":"status-publish","4":"format-standard","5":"has-post-thumbnail","7":"category-muenchen","8":"tag-bayern","9":"tag-deutschland","10":"tag-germany","11":"tag-muenchen"},"share_on_mastodon":{"url":"https:\/\/pubeurope.com\/@de\/115760761853472831","error":""},"_links":{"self":[{"href":"https:\/\/www.europesays.com\/de\/wp-json\/wp\/v2\/posts\/663410","targetHints":{"allow":["GET"]}}],"collection":[{"href":"https:\/\/www.europesays.com\/de\/wp-json\/wp\/v2\/posts"}],"about":[{"href":"https:\/\/www.europesays.com\/de\/wp-json\/wp\/v2\/types\/post"}],"author":[{"embeddable":true,"href":"https:\/\/www.europesays.com\/de\/wp-json\/wp\/v2\/users\/2"}],"replies":[{"embeddable":true,"href":"https:\/\/www.europesays.com\/de\/wp-json\/wp\/v2\/comments?post=663410"}],"version-history":[{"count":0,"href":"https:\/\/www.europesays.com\/de\/wp-json\/wp\/v2\/posts\/663410\/revisions"}],"wp:featuredmedia":[{"embeddable":true,"href":"https:\/\/www.europesays.com\/de\/wp-json\/wp\/v2\/media\/663411"}],"wp:attachment":[{"href":"https:\/\/www.europesays.com\/de\/wp-json\/wp\/v2\/media?parent=663410"}],"wp:term":[{"taxonomy":"category","embeddable":true,"href":"https:\/\/www.europesays.com\/de\/wp-json\/wp\/v2\/categories?post=663410"},{"taxonomy":"post_tag","embeddable":true,"href":"https:\/\/www.europesays.com\/de\/wp-json\/wp\/v2\/tags?post=663410"}],"curies":[{"name":"wp","href":"https:\/\/api.w.org\/{rel}","templated":true}]}}