{"id":663416,"date":"2025-12-22T02:05:22","date_gmt":"2025-12-22T02:05:22","guid":{"rendered":"https:\/\/www.europesays.com\/de\/663416\/"},"modified":"2025-12-22T02:05:22","modified_gmt":"2025-12-22T02:05:22","slug":"zwei-frauen-sterben-bei-unfall-in-brandenburg","status":"publish","type":"post","link":"https:\/\/www.europesays.com\/de\/663416\/","title":{"rendered":"Zwei Frauen sterben bei Unfall\u00a0in Brandenburg"},"content":{"rendered":"<p>Auto eines Mann prallte in ihren WagenZwei Frauen sterben bei Unfall in Brandenburg<img alt=\"Die Feuerwehr l\u00f6schte in der Nacht erneut den Brand eines mit Pappe beladenen Lastwagens auf der Autobahn 10 bei Ludwigsfelde. (Symbolbild)\" fetchpriority=\"high\" width=\"940\" height=\"529\" decoding=\"async\" data-nimg=\"1\" class=\"Image_image__SdgLQ Picture_image__vGN9W\" style=\"color:transparent\"   src=\"https:\/\/www.europesays.com\/de\/wp-content\/uploads\/2025\/12\/die-feuerwehr-loeschte-in-der-nacht-erneut-den-brand-eines-mit-pappe-beladenen-lastwagens-auf-der-au.webp\"\/><\/p>\n<p>Wenige Tage vor Weihnachten kam es auf der Landstra\u00dfe L79 zu einem t\u00f6dlichen Unfall. (Symbol)<\/p>\n<p>Sebastian Gollnow\/dpa<\/p>\n<p>21. Dezember 2025 um 17:32 Uhr<\/p>\n<p class=\"AnnotatedMarkup_paragraph__IUT9l\"><strong>Trag\u00f6die vor Weihnachten! <\/strong><br \/>Bei einem Frontalzusammensto\u00df zweier Autos sind in Brandenburg zwei Frauen ums Leben gekommen. Wie die Polizei am Sonntag mitteilte, geriet ein 47 Jahre alter Mann im Landkreis Teltow-Fl\u00e4ming zwischen Ludwigsfelde und Wietstock aus ungekl\u00e4rter Ursache in den Gegenverkehr.<\/p>\n<p>Die Frauen waren sofort tot<\/p>\n<p class=\"AnnotatedMarkup_paragraph__IUT9l\">Dabei sei er bei dem Unfall am fr\u00fchen Samstagabend mit einem mit drei Frauen im Alter von 84, 63 und 60 Jahren besetzten Auto zusammengesto\u00dfen.<\/p>\n<p class=\"AnnotatedMarkup_paragraph__IUT9l\">Zwei der Frauen starben laut Polizei trotz des Einsatzes von Ersthelfern und Rettungsdienst noch an Unfallstelle. Der Unfallverursacher und die \u00fcberlebende dritte Frau kamen ins Krankenhaus. Die Landstra\u00dfe L79 musste im Unfallbereich f\u00fcr fast sechs Stunden gesperrt werden. (cko)<\/p>\n<p class=\"AnnotatedMarkup_paragraph__IUT9l\">Verwendete Quelle: AFP<\/p>\n","protected":false},"excerpt":{"rendered":"Auto eines Mann prallte in ihren WagenZwei Frauen sterben bei Unfall in Brandenburg Wenige Tage vor Weihnachten kam&hellip;\n","protected":false},"author":2,"featured_media":663417,"comment_status":"","ping_status":"","sticky":false,"template":"","format":"standard","meta":{"footnotes":""},"categories":[1816],"tags":[331,338,1960,1958,332,1959,1957,339,1956,1890,29,344,342,343,985,30,8176,335,329,336,334,341,330,337,333,121,5989,328,327,12,22847,12219,1284,340],"class_list":{"0":"post-663416","1":"post","2":"type-post","3":"status-publish","4":"format-standard","5":"has-post-thumbnail","7":"category-brandenburg","8":"tag-aktuelle-nachrichten","9":"tag-aktuelle-nachrichten-auf-einen-blick","10":"tag-aktuelle-nachrichten-aus-berlin-und-brandenburg","11":"tag-aktuelle-nachrichten-aus-brandenburg","12":"tag-aktuelle-news","13":"tag-aktuelle-news-aus-berlin-und-brandenburg","14":"tag-aktuelle-news-aus-brandenburg","15":"tag-aktuelle-themen-in-der-welt","16":"tag-berlin-und-brandenburg","17":"tag-brandenburg","18":"tag-deutschland","19":"tag-ems_-news","20":"tag-ems_news_newsausland","21":"tag-ems_news_newsinland","22":"tag-feuerwehr","23":"tag-germany","24":"tag-landstrasse","25":"tag-nachrichten-aus-aller-welt","26":"tag-nachrichten-deutschland","27":"tag-nachrichten-heute","28":"tag-nachrichten-international","29":"tag-nachrichten-usa","30":"tag-news-deutschland","31":"tag-news-heute","32":"tag-news-international","33":"tag-polizei","34":"tag-rettungswagen","35":"tag-rtl-nachrichten","36":"tag-rtl-news","37":"tag-schlagzeilen","38":"tag-toedlicher-unfall","39":"tag-tote","40":"tag-unfall","41":"tag-usa-news"},"share_on_mastodon":{"url":"","error":"Validation failed: Text character limit of 500 exceeded"},"_links":{"self":[{"href":"https:\/\/www.europesays.com\/de\/wp-json\/wp\/v2\/posts\/663416","targetHints":{"allow":["GET"]}}],"collection":[{"href":"https:\/\/www.europesays.com\/de\/wp-json\/wp\/v2\/posts"}],"about":[{"href":"https:\/\/www.europesays.com\/de\/wp-json\/wp\/v2\/types\/post"}],"author":[{"embeddable":true,"href":"https:\/\/www.europesays.com\/de\/wp-json\/wp\/v2\/users\/2"}],"replies":[{"embeddable":true,"href":"https:\/\/www.europesays.com\/de\/wp-json\/wp\/v2\/comments?post=663416"}],"version-history":[{"count":0,"href":"https:\/\/www.europesays.com\/de\/wp-json\/wp\/v2\/posts\/663416\/revisions"}],"wp:featuredmedia":[{"embeddable":true,"href":"https:\/\/www.europesays.com\/de\/wp-json\/wp\/v2\/media\/663417"}],"wp:attachment":[{"href":"https:\/\/www.europesays.com\/de\/wp-json\/wp\/v2\/media?parent=663416"}],"wp:term":[{"taxonomy":"category","embeddable":true,"href":"https:\/\/www.europesays.com\/de\/wp-json\/wp\/v2\/categories?post=663416"},{"taxonomy":"post_tag","embeddable":true,"href":"https:\/\/www.europesays.com\/de\/wp-json\/wp\/v2\/tags?post=663416"}],"curies":[{"name":"wp","href":"https:\/\/api.w.org\/{rel}","templated":true}]}}