{"id":663418,"date":"2025-12-22T02:06:15","date_gmt":"2025-12-22T02:06:15","guid":{"rendered":"https:\/\/www.europesays.com\/de\/663418\/"},"modified":"2025-12-22T02:06:15","modified_gmt":"2025-12-22T02:06:15","slug":"liveblog-usa-unter-trump-demokraten-epstein-datei-mit-fotos-von-trump-und-clinton-geloescht-2","status":"publish","type":"post","link":"https:\/\/www.europesays.com\/de\/663418\/","title":{"rendered":"Liveblog USA unter Trump: Demokraten: Epstein-Datei mit Fotos von Trump und Clinton gel\u00f6scht"},"content":{"rendered":"<p><strong>Die Ver\u00f6ffentlichung von Teilen der Akten \u00fcber den verstorbenen Sexualstraft\u00e4ter Jeffrey Epstein hat am Wochenende scharfe Kritik aus dem US-Kongress und von seinen Opfern ausgel\u00f6st.<\/strong> Dokumente wurden an vielen Stellen geschw\u00e4rzt, Gesichter auf Fotos unkenntlich gemacht, Aufnahmen nach ihrer Offenlegung wieder gel\u00f6scht.\u00a0<strong>\u201eWir sind sehr entt\u00e4uscht\u201c<\/strong>, erkl\u00e4rte <strong>Marina Lacerda, eines von mutma\u00dflich mehr als 1000 Opfern<\/strong>. \u201eWarum k\u00f6nnen wir nicht einfach die Namen offenlegen, die offengelegt werden sollten?\u201c, fragte sie im Sender CNN. \u00a0<\/p>\n<p>\u201eDas US-Justizministerium deckt weiterhin einflussreiche M\u00e4nner, die junge M\u00e4dchen bel\u00e4stigt oder vergewaltigt haben oder die an Feiern teilgenommen haben, auf denen diese jungen M\u00e4dchen vorgef\u00fchrt und misshandelt wurden\u201c, erkl\u00e4rte der Abgeordnete Ro Khanna von den oppositionellen Demokraten.\u00a0<\/p>\n<p><strong>Kritik kam auch aus den Reihen von Trumps Republikanern. Die republikanische Abgeordnete Marjorie Taylor Greene kritisierte, die starke Bearbeitung der Epstein-Akten entspreche nicht den Zielen von Trumps MAGA-Bewegung. <\/strong>\u201eDie Leute sind w\u00fctend und wenden sich ab\u201c, schrieb sie im Onlinedienst X.\u00a0<\/p>\n","protected":false},"excerpt":{"rendered":"Die Ver\u00f6ffentlichung von Teilen der Akten \u00fcber den verstorbenen Sexualstraft\u00e4ter Jeffrey Epstein hat am Wochenende scharfe Kritik aus&hellip;\n","protected":false},"author":2,"featured_media":662263,"comment_status":"","ping_status":"","sticky":false,"template":"","format":"standard","meta":{"footnotes":""},"categories":[1825],"tags":[1941,1939,296,1937,29,30,1940,1938],"class_list":{"0":"post-663418","1":"post","2":"type-post","3":"status-publish","4":"format-standard","5":"has-post-thumbnail","7":"category-berlin","8":"tag-aktuelle-nachrichten-aus-berlin","9":"tag-aktuelle-news-aus-berlin","10":"tag-berlin","11":"tag-berlin-news","12":"tag-deutschland","13":"tag-germany","14":"tag-nachrichten-aus-berlin","15":"tag-news-aus-berlin"},"share_on_mastodon":{"url":"https:\/\/pubeurope.com\/@de\/115760778057324483","error":""},"_links":{"self":[{"href":"https:\/\/www.europesays.com\/de\/wp-json\/wp\/v2\/posts\/663418","targetHints":{"allow":["GET"]}}],"collection":[{"href":"https:\/\/www.europesays.com\/de\/wp-json\/wp\/v2\/posts"}],"about":[{"href":"https:\/\/www.europesays.com\/de\/wp-json\/wp\/v2\/types\/post"}],"author":[{"embeddable":true,"href":"https:\/\/www.europesays.com\/de\/wp-json\/wp\/v2\/users\/2"}],"replies":[{"embeddable":true,"href":"https:\/\/www.europesays.com\/de\/wp-json\/wp\/v2\/comments?post=663418"}],"version-history":[{"count":0,"href":"https:\/\/www.europesays.com\/de\/wp-json\/wp\/v2\/posts\/663418\/revisions"}],"wp:featuredmedia":[{"embeddable":true,"href":"https:\/\/www.europesays.com\/de\/wp-json\/wp\/v2\/media\/662263"}],"wp:attachment":[{"href":"https:\/\/www.europesays.com\/de\/wp-json\/wp\/v2\/media?parent=663418"}],"wp:term":[{"taxonomy":"category","embeddable":true,"href":"https:\/\/www.europesays.com\/de\/wp-json\/wp\/v2\/categories?post=663418"},{"taxonomy":"post_tag","embeddable":true,"href":"https:\/\/www.europesays.com\/de\/wp-json\/wp\/v2\/tags?post=663418"}],"curies":[{"name":"wp","href":"https:\/\/api.w.org\/{rel}","templated":true}]}}