{"id":663423,"date":"2025-12-22T02:09:18","date_gmt":"2025-12-22T02:09:18","guid":{"rendered":"https:\/\/www.europesays.com\/de\/663423\/"},"modified":"2025-12-22T02:09:18","modified_gmt":"2025-12-22T02:09:18","slug":"auseinandersetzung-mit-vier-verletzten-berlin-de","status":"publish","type":"post","link":"https:\/\/www.europesays.com\/de\/663423\/","title":{"rendered":"Auseinandersetzung mit vier Verletzten &#8211; Berlin.de"},"content":{"rendered":"<p>\n    <strong>Nr. 2618<\/strong><br \/>Zu einer Auseinandersetzung in und vor einem Lokal in Rudow wurden Einsatzkr\u00e4fte der Polizeidirektion 4 (S\u00fcd) und einer Einsatzhundertschaft in der vergangenen Nacht alarmiert. Gegen 22:15 Uhr stellten die Polizistinnen und Polizisten in der Lokalit\u00e4t in der Neuk\u00f6llner Stra\u00dfe zun\u00e4chst etwa 30 schwarz gekleidete Personen fest, die Parolen aus der Fu\u00dfballszene gerufen und polizeifeindliche Ges\u00e4nge skandiert haben sollen. Strafbare Inhalte konnten die Beamtinnen und Beamten allerdings nicht feststellen. Nachdem die Einsatzkr\u00e4fte die M\u00e4nner angesprochen hatten und Ruhe eingekehrt war, endeten die polizeilichen Ma\u00dfnahmen vorerst. Gegen 23:20 Uhr soll dann vor dem Lokal ein 46-J\u00e4hriger mit einer kleineren Gruppe der mutma\u00dflichen Fu\u00dfballanh\u00e4nger in Streit geraten sein. Daraufhin sollen diese auf den Mann losgegangen sein, woraufhin ihm ein 43-J\u00e4hriger zur Hilfe geeilt sei. In der Folge sollen die Personen einem der beiden M\u00e4nner mit einem Bierkrug frontal ins Gesicht<br \/>\n    geschlagen haben, woraufhin dieser ebenso zu Boden gegangen sei wie der andere angegriffene Mann. Beide sollen kurzzeitig ihr Bewusstsein verloren haben, w\u00e4hrend mehrere der Angreifer laut Zeuginnen und Zeugen mit hoher Intensit\u00e4t auf die zwei M\u00e4nner eingetreten h\u00e4tten und dabei auch deren K\u00f6pfe getroffen haben sollen. Au\u00dferdem sollen die Angreifer Glasflaschen auf die am Boden Liegenden geworfen haben. Eine 39-J\u00e4hrige und ein 41-J\u00e4hriger, die ebenfalls helfen wollten, seien aus der Gruppierung heraus mit Faustschl\u00e4gen attackiert worden. Zum Ort gerufene Einsatzkr\u00e4fte konnten drei tatverd\u00e4chtige M\u00e4nner im Alter von 26, 27 und 33 Jahren vorl\u00e4ufig festnehmen. Da diese dem Anschein nach Alkohol getrunken hatten, wurde ihnen nach der Feststellung ihrer Identit\u00e4ten in einem Polizeigewahrsam auf staatsanwaltschaftliche Anordnung hin Blut entnommen. Die M\u00e4nner wurden nach Abschluss der polizeilichen Ma\u00dfnahmen aus diesen entlassen. Der 46-J\u00e4hrige Verletzte kam mit<br \/>\n    mehreren Platzwunden und dem Verdacht mehrerer Frakturen ebenso in ein Krankenhaus wie der 43-J\u00e4hrige. Auch er hatte Platzwunden davongetragen. Die Kopfverletzung des 41-J\u00e4hrigen wurde ambulant behandelt, w\u00e4hrend die 39-J\u00e4hrige, die \u00fcber Kopfschmerzen klagte, keine \u00e4rztliche Behandlung ben\u00f6tigte. Zur Lageberuhigung im Lokal waren weiterhin Polizeikr\u00e4fte am Ort pr\u00e4sent, einigen G\u00e4sten erteilten sie Platzverweise. Die Ermittlungen wegen des Verdachts des besonders schweren Landfriedensbruchs dauern an.\n  <\/p>\n","protected":false},"excerpt":{"rendered":"Nr. 2618Zu einer Auseinandersetzung in und vor einem Lokal in Rudow wurden Einsatzkr\u00e4fte der Polizeidirektion 4 (S\u00fcd) und&hellip;\n","protected":false},"author":2,"featured_media":2288,"comment_status":"","ping_status":"","sticky":false,"template":"","format":"standard","meta":{"footnotes":""},"categories":[1825],"tags":[296,29,30,154851,154828,2331],"class_list":{"0":"post-663423","1":"post","2":"type-post","3":"status-publish","4":"format-standard","5":"has-post-thumbnail","7":"category-berlin","8":"tag-berlin","9":"tag-deutschland","10":"tag-germany","11":"tag-ii1628517","12":"tag-meldung-polizei-berlin-vom-21-12-2025","13":"tag-polizeimeldung"},"share_on_mastodon":{"url":"https:\/\/pubeurope.com\/@de\/115760789537482014","error":""},"_links":{"self":[{"href":"https:\/\/www.europesays.com\/de\/wp-json\/wp\/v2\/posts\/663423","targetHints":{"allow":["GET"]}}],"collection":[{"href":"https:\/\/www.europesays.com\/de\/wp-json\/wp\/v2\/posts"}],"about":[{"href":"https:\/\/www.europesays.com\/de\/wp-json\/wp\/v2\/types\/post"}],"author":[{"embeddable":true,"href":"https:\/\/www.europesays.com\/de\/wp-json\/wp\/v2\/users\/2"}],"replies":[{"embeddable":true,"href":"https:\/\/www.europesays.com\/de\/wp-json\/wp\/v2\/comments?post=663423"}],"version-history":[{"count":0,"href":"https:\/\/www.europesays.com\/de\/wp-json\/wp\/v2\/posts\/663423\/revisions"}],"wp:featuredmedia":[{"embeddable":true,"href":"https:\/\/www.europesays.com\/de\/wp-json\/wp\/v2\/media\/2288"}],"wp:attachment":[{"href":"https:\/\/www.europesays.com\/de\/wp-json\/wp\/v2\/media?parent=663423"}],"wp:term":[{"taxonomy":"category","embeddable":true,"href":"https:\/\/www.europesays.com\/de\/wp-json\/wp\/v2\/categories?post=663423"},{"taxonomy":"post_tag","embeddable":true,"href":"https:\/\/www.europesays.com\/de\/wp-json\/wp\/v2\/tags?post=663423"}],"curies":[{"name":"wp","href":"https:\/\/api.w.org\/{rel}","templated":true}]}}