{"id":663451,"date":"2025-12-22T02:32:26","date_gmt":"2025-12-22T02:32:26","guid":{"rendered":"https:\/\/www.europesays.com\/de\/663451\/"},"modified":"2025-12-22T02:32:26","modified_gmt":"2025-12-22T02:32:26","slug":"die-schoensten-bilder-der-weihnachtsmaenner-auf-motorraedern","status":"publish","type":"post","link":"https:\/\/www.europesays.com\/de\/663451\/","title":{"rendered":"Die sch\u00f6nsten Bilder der Weihnachtsm\u00e4nner auf Motorr\u00e4dern"},"content":{"rendered":"<p>1300 Biker unterwegs<\/p>\n<p>Xmas-Ride in Kiel: Die sch\u00f6nsten Fotos der Weihnachtsm\u00e4nner auf Motorr\u00e4dern<\/p>\n<p class=\"Textstyled__Text-sc-1cqv9mi-0 cLyiiX ArticleHeadstyled__ArticleSubHeadline-sc-tdzyy5-11 fXdZot\">Es wurde wieder laut auf den Stra\u00dfen: Zum elften Mal ist am Samstag der Xmas-Ride durch Kiel gefahren. Rund 1300 als Weihnachtsmann und Grinch verkleidete Motorradfahrer haben Gelder f\u00fcr den guten Zweck gesammelt. Dabei wurden die Biker und Bikerinnen am Stra\u00dfenrand von Tausenden Schaulustigen begleitet.<\/p>\n<p class=\"Textstyled__Text-sc-1cqv9mi-0 cLyiiX\">Kiel. Wenn der Grinch in Weihnachtsstimmung ist, muss etwas Besonderes passiert sein. Und etwas Besonderes hat sich am Samstag in Kiel ereignet &#8211; wieder einmal: Zum elften Mal f\u00fchrte der Xmas-Ride quer durch die Stadt. 1300 Bikerinnen und Biker waren weihnachtlich verkleidet auf ihren Motorr\u00e4dern unterwegs, um Spenden f\u00fcr den guten Zweck zu sammeln. <\/p>\n<p>Weiterlesen nach der Anzeige<\/p>\n<p>Weiterlesen nach der Anzeige<\/p>\n<p class=\"Textstyled__Text-sc-1cqv9mi-0 cLyiiX\">\u201eWir sind zum vierten Mal dabei\u201c, sagen Finn, Amira und Nico. Als Weihnachtsm\u00e4nner verkleidet warten die drei Kieler mit ihren Motorr\u00e4dern am Konrad-Adenauer-Damm, bis sich der Xmas-Ride 2025 in Bewegung setzt. Bis der ganze Korso unterwegs ist, dauert es &#8211; kein Wunder bei rund 1300 Teilnehmern. <\/p>\n<p>Xmas-Ride f\u00fcr den guten Zweck<\/p>\n<p class=\"Textstyled__Text-sc-1cqv9mi-0 cLyiiX\">Warum Finn, Amira und Nico seit Jahren beim Xmas-Ride mitfahren: \u201eDie Stimmung ist immer toll. So gro\u00dfe Ausfahrten kennt man sonst nur aus Amerika.\u201c Die vielen Schaulustigen und begeisterten Kinder am Stra\u00dfenrand sorgen f\u00fcr die besondere Atmosph\u00e4re. \u201eEs gibt immer einige Vorurteile gegen Motorradfahrer. Es ist sch\u00f6n zu sehen, dass an einem Tag wie heute viele Leute winken und wir den Menschen eine Freude machen k\u00f6nnen\u201c, sagt Amira. <\/p>\n<p>Weiterlesen nach der Anzeige<\/p>\n<p>Weiterlesen nach der Anzeige<\/p>\n<p class=\"Textstyled__Text-sc-1cqv9mi-0 cLyiiX\">Ein weiteres Argument, um am <a href=\"https:\/\/www.kn-online.de\/lokales\/kiel\/x-mas-ride-kiel-motorrad-weihnachtsmaenner-sammeln-spenden-6OFCXMRDXFHXLEODMKVRCDAASM.html\" target=\"_self\" rel=\"noopener\" title=\"https:\/\/www.kn-online.de\/lokales\/kiel\/x-mas-ride-kiel-motorrad-weihnachtsmaenner-sammeln-spenden-6OFCXMRDXFHXLEODMKVRCDAASM.html\" data-vars-event-category=\"intext_link\" data-vars-event-action=\"click\" data-vars-event-label=\"https:\/\/www.kn-online.de\/lokales\/kiel\/x-mas-ride-kiel-motorrad-weihnachtsmaenner-sammeln-spenden-6OFCXMRDXFHXLEODMKVRCDAASM.html\">Xmas-Ride<\/a> mitzufahren: \u201eDie Aktion ist f\u00fcr den guten Zweck. Ich habe auch schon gespendet\u201c, sagt Finn. Mit dem Motorradkorso wird Geld f\u00fcr den Verein \u201eF\u00f6rde L\u00fctten\u201c gesammelt, der sich f\u00fcr benachteiligte Kinder einsetzt. <\/p>\n<p class=\"Textstyled__Text-sc-1cqv9mi-0 cLyiiX\">F\u00fcr die Kinder gab es vorweihnachtliche Geschenke. Weihnachtsm\u00e4nner und auch der Grinch warfen von ihren Motorr\u00e4dern S\u00fc\u00dfigkeiten in Richtung der Schaulustigen \u2013 ein Hauch von Karneval im Dezember. <\/p>\n<p class=\"Textstyled__Text-sc-1cqv9mi-0 cLyiiX\">Die Tour f\u00fchrte rund 50 Kilometer durch <a href=\"https:\/\/www.kn-online.de\/lokales\/kiel\/\" target=\"_self\" rel=\"noopener\" title=\"https:\/\/www.kn-online.de\/lokales\/kiel\/\" data-vars-event-category=\"intext_link\" data-vars-event-action=\"click\" data-vars-event-label=\"https:\/\/www.kn-online.de\/lokales\/kiel\/\">Kiel<\/a>. Start und Ziel waren am Polo Motorrad-Store am Konrad-Adenauer-Damm. So vielf\u00e4ltig wie die Kost\u00fcme \u2013 auch Rentier Rudolf und sogar der Osterhase machten mit \u2013 waren auch die Fahrzeuge auf den Stra\u00dfen. Von historischen Vespas \u00fcber Crossbikes und Quads bis hin zur Harley-Davidson war jedes Modell vertreten. Nach knapp drei Stunden war die au\u00dfergew\u00f6hnliche Motorradausfahrt beendet. <\/p>\n<p class=\"Textstyled__Text-sc-1cqv9mi-0 cLyiiX\">Auch nach dem Motorradkorso kann weiter gespendet werden: F\u00f6rde Sparkasse, Empf\u00e4nger: F\u00f6rde L\u00fctten, IBAN: DE 27 2105 0170 1004 1689 91, BIC: NOLADE21KIE. Zudem wurde ein Paypal-Konto eingerichtet: www.paypal.com\/pools\/c\/9kWs3e1Vir<\/p>\n<p class=\"Editorialstyled__Editorial-sc-1bfvh9l-0 cSmjnJ\">KN<\/p>\n","protected":false},"excerpt":{"rendered":"1300 Biker unterwegs Xmas-Ride in Kiel: Die sch\u00f6nsten Fotos der Weihnachtsm\u00e4nner auf Motorr\u00e4dern Es wurde wieder laut auf&hellip;\n","protected":false},"author":2,"featured_media":663452,"comment_status":"","ping_status":"","sticky":false,"template":"","format":"standard","meta":{"footnotes":""},"categories":[1852],"tags":[3364,29,548,663,3934,30,13,4949,14,15,12,1971],"class_list":{"0":"post-663451","1":"post","2":"type-post","3":"status-publish","4":"format-standard","5":"has-post-thumbnail","7":"category-kiel","8":"tag-de","9":"tag-deutschland","10":"tag-eu","11":"tag-europa","12":"tag-europe","13":"tag-germany","14":"tag-headlines","15":"tag-kiel","16":"tag-nachrichten","17":"tag-news","18":"tag-schlagzeilen","19":"tag-schleswig-holstein"},"share_on_mastodon":{"url":"https:\/\/pubeurope.com\/@de\/115760879835776953","error":""},"_links":{"self":[{"href":"https:\/\/www.europesays.com\/de\/wp-json\/wp\/v2\/posts\/663451","targetHints":{"allow":["GET"]}}],"collection":[{"href":"https:\/\/www.europesays.com\/de\/wp-json\/wp\/v2\/posts"}],"about":[{"href":"https:\/\/www.europesays.com\/de\/wp-json\/wp\/v2\/types\/post"}],"author":[{"embeddable":true,"href":"https:\/\/www.europesays.com\/de\/wp-json\/wp\/v2\/users\/2"}],"replies":[{"embeddable":true,"href":"https:\/\/www.europesays.com\/de\/wp-json\/wp\/v2\/comments?post=663451"}],"version-history":[{"count":0,"href":"https:\/\/www.europesays.com\/de\/wp-json\/wp\/v2\/posts\/663451\/revisions"}],"wp:featuredmedia":[{"embeddable":true,"href":"https:\/\/www.europesays.com\/de\/wp-json\/wp\/v2\/media\/663452"}],"wp:attachment":[{"href":"https:\/\/www.europesays.com\/de\/wp-json\/wp\/v2\/media?parent=663451"}],"wp:term":[{"taxonomy":"category","embeddable":true,"href":"https:\/\/www.europesays.com\/de\/wp-json\/wp\/v2\/categories?post=663451"},{"taxonomy":"post_tag","embeddable":true,"href":"https:\/\/www.europesays.com\/de\/wp-json\/wp\/v2\/tags?post=663451"}],"curies":[{"name":"wp","href":"https:\/\/api.w.org\/{rel}","templated":true}]}}