{"id":663460,"date":"2025-12-22T02:38:15","date_gmt":"2025-12-22T02:38:15","guid":{"rendered":"https:\/\/www.europesays.com\/de\/663460\/"},"modified":"2025-12-22T02:38:15","modified_gmt":"2025-12-22T02:38:15","slug":"trump-erzaehlt-unwahrheit-ueber-kriminalitaet-in-deutschland","status":"publish","type":"post","link":"https:\/\/www.europesays.com\/de\/663460\/","title":{"rendered":"Trump erz\u00e4hlt Unwahrheit \u00fcber Kriminalit\u00e4t in Deutschland"},"content":{"rendered":"<p class=\"mb-6 text-xs md:text-m lg:text-l font-serif group-[.font-sans]:font-sans \">\n    \u201eSchaut Euch Deutschland an. Deutschland war frei von Kriminalit\u00e4t\u201c, hat US-Pr\u00e4sident Donald Trump j\u00fcngst in einem Interview unwidersprochen behauptet. Und er bekommt Zustimmung zu dieser Aussage: \u201eEr hat vollkommen recht\u201c,\u00a0<a href=\"https:\/\/web.archive.org\/web\/20251215095547\/https:\/video-lax3-2.xx.fbcdn.net\/o1\/v\/t2\/f2\/m86\/AQN9cSbHIcWaC1m6o8SajTerNAoYJKfrtEHyagIzsOOVXF0ijgvey_sxx3qXBsp8re22E1n1i77FDEnJQBUYC4Huuo43qI5RBL-CUG4.mp4?_nc_cat=106&amp;_nc_sid=5e9851&amp;_nc_ht=video-lax3-2.xx.fbcdn.net&amp;_nc_ohc=Hzc7rOcKABkQ7kNvwHid5Bq&amp;efg=eyJ2ZW5jb2RlX3RhZyI6Inhwdl9wcm9ncmVzc2l2ZS5GQUNFQk9PSy4uQzMuNzIwLmRhc2hfYmFzZWxpbmVfMV92MSIsInhwdl9hc3NldF9pZCI6ODM2NzA1NTk1NjYyODgwLCJhc3NldF9hZ2VfZGF5cyI6NSwidmlfdXNlY2FzZV9pZCI6MTAwOTksImR1cmF0aW9uX3MiOjI4LCJ1cmxnZW5fc291cmNlIjoid3d3In0%3D&amp;ccb=17-1&amp;vs=74f41fbe62bdb519&amp;_nc_vs=HBksFQIYUmlnX3hwdl9yZWVsc19wZXJtYW5lbnRfc3JfcHJvZC85NTRGRjA2NjJEQkE1OUVFNkMyMUI4MUM4QTlCQ0E4M192aWRlb19kYXNoaW5pdC5tcDQVAALIARIAFQIYOnBhc3N0aHJvdWdoX2V2ZXJzdG9yZS9HQm8tZENNM2NsRzFzZ2NEQU5HZVhPWG9lOWRFYnN0VEFRQUYVAgLIARIAKAAYABsCiAd1c2Vfb2lsATEScHJvZ3Jlc3NpdmVfcmVjaXBlATEVAAAmwIj9vNa-_AIVAigCQzMsF0A8IgxJul41GBJkYXNoX2Jhc2VsaW5lXzFfdjERAHUCZeadAQA&amp;_nc_gid=Rh4P41f_0XMEKbv3_u19LQ&amp;_nc_zt=28&amp;oh=00_AfnW-AJ57eR7ebzK9Nge3npzvjiRzSQbPmBcN2p959Ht9A&amp;oe=6941D0CB&amp;bitrate=249044&amp;tag=dash_baseline_1_v1\" rel=\"nofollow noopener\" target=\"_blank\" class=\"underline \">verbreiten<\/a>\u00a0Nutzer sozialer Netzwerke. Was meinen Fachleute, was sagt die Statistik?\n  <\/p>\n<p>            Bewertung<\/p>\n<p class=\"mb-6 text-xs md:text-m lg:text-l font-serif group-[.font-sans]:font-sans \">\n    Die Polizeiliche Kriminalstatistik (PKS) erfasst die Zahl der Straftaten in der Bundesrepublik. Seit Jahrzehnten sind das mehrere Millionen F\u00e4lle pro Jahr.\n  <\/p>\n<p>            Fakten<\/p>\n<p class=\"mb-6 text-xs md:text-m lg:text-l font-serif group-[.font-sans]:font-sans \">\n    Die\u00a0<a href=\"https:\/\/www.bka.de\/SharedDocs\/Downloads\/DE\/Publikationen\/PolizeilicheKriminalstatistik\/2024\/Interpretation\/Faelle\/T01-ZR-Bund-F%C3%A4lle_xls.xlsx?__blob=publicationFile&amp;v=6\" rel=\"nofollow noopener\" target=\"_blank\" class=\"underline \">Grundtabelle der PKS<\/a>\u00a0reicht bis ins Jahr 1987 zur\u00fcck. Dort hat das Bundeskriminalamt (BKA) s\u00e4mtliche erfassten Straftaten des jeweiligen Jahres aufgef\u00fchrt. 1987 beispielsweise werden f\u00fcr die alte Bundesrepublik 4,44 Millionen F\u00e4lle gez\u00e4hlt. Im Jahr 1993, als das wiedervereinte Deutschland erstmals insgesamt betrachtet wurde, waren es 6,75 Millionen registrierte Straftaten. F\u00fcr das bisher letzte Berichtsjahr 2024 gibt das BKA 5,84 Millionen Straftaten an.\n  <\/p>\n<p class=\"mb-6 text-xs md:text-m lg:text-l font-serif group-[.font-sans]:font-sans \">\n    Trumps Aussage \u201eGermany was crime-free\u201c kann also f\u00fcr die vergangenen fast 40 Jahre als widerlegt gelten. Aber welchen Zeitraum hat der US-Pr\u00e4sident \u00fcberhaupt gemeint? Sein Satz im\u00a0<a href=\"https:\/\/archive.vn\/Tnh0y#selection-3803.402-3803.500\" rel=\"nofollow noopener\" target=\"_blank\" class=\"underline \">Interview<\/a>\u00a0des Magazins \u201ePolitico\u201c ging noch weiter: \u201eDeutschland war frei von Kriminalit\u00e4t, und Angela hat zwei gro\u00dfe Fehler gemacht: Einwanderung und Energie\u201c, sagte Trump dort. Es ist dieses Interview, auf das sich die im Post zitierte Bild-Zeitung in ihrer Berichterstattung\u00a0<a href=\"https:\/\/uebermedien.de\/111951\/die-bild-bullshit-show\/\" rel=\"nofollow noopener\" target=\"_blank\" class=\"underline \">bezieht<\/a>.\n  <\/p>\n<p class=\"mb-6 text-xs md:text-m lg:text-l font-serif group-[.font-sans]:font-sans \">\n    Hat also die Einwanderungspolitik von\u00a0<a href=\"https:\/\/www.bundeskanzler.de\/bk-de\/kanzleramt\/bundeskanzler-seit-1949\/lebenslauf-angela-merkel\" rel=\"nofollow noopener\" target=\"_blank\" class=\"underline \">Angela Merkel<\/a>, die von 2005 bis 2021 deutsche Bundeskanzlerin war, die Kriminalit\u00e4t ansteigen lassen? Laut BKA-Statistik jedenfalls nicht: f\u00fcr das erste volle Jahr ihrer Amtszeit, 2006, verzeichnet die PKS-Grundtabelle 6,30 Millionen Straftaten bundesweit. Als sie im Dezember 2021 aus dem Amt schied, waren es 5,04 Millionen \u2013 der niedrigste Stand, seit die Taten f\u00fcr ganz Deutschland erhoben werden.\n  <\/p>\n<p>            Und die Fl\u00fcchtlinge von 2015\/16?<\/p>\n<p class=\"mb-6 text-xs md:text-m lg:text-l font-serif group-[.font-sans]:font-sans \">\n    Merkels Migrationspolitik wird h\u00e4ufig mit den Menschen in Verbindung gebracht, die 2015\/16 in gro\u00dfer Zahl vor dem blutigen<a href=\"https:\/\/www.proasyl.de\/news\/10-jahre-flucht-aus-syrien-das-versagen-der-internationalen-gemeinschaft\/\" rel=\"nofollow noopener\" target=\"_blank\" class=\"underline \">\u00a0B\u00fcrgerkrieg<\/a>\u00a0in<a href=\"https:\/\/www.bpb.de\/themen\/kriege-konflikte\/dossier-kriege-konflikte\/54705\/syrien\/\" rel=\"nofollow noopener\" target=\"_blank\" class=\"underline \">\u00a0Syrien<\/a>\u00a0fl\u00fcchteten. Zeitgleich mit der Ankunft Hunderttausender Fl\u00fcchtlinge stieg in Deutschland auch die Zahl der Straftaten etwas an \u2013 blieb aber stets unter den Werten etwa der Jahre 2001 bis 2005. Schon im Jahr 2017 fiel die Zahl auf den niedrigsten Stand seit 1993.\n  <\/p>\n<p class=\"mb-6 text-xs md:text-m lg:text-l font-serif group-[.font-sans]:font-sans \">\n    Auch wenn man die Zahl der F\u00e4lle pro 100.000 Einwohner betrachtet, lag diese in den Jahren 2015\/16 und danach keineswegs besonders hoch. Im Gegenteil: Die PKS-Tabelle verzeichnet den h\u00f6chsten Stand im Jahr 1993 mit 8336 Straftaten pro 100.000 Einwohner, auch in den vier folgenden Jahren lag sie \u00fcber 8000. Im Jahr 2015 verzeichnete das BKA einen Wert von 7796 und im Jahr darauf von 7754. Im vergangenen Jahr waren es weniger als 7000 F\u00e4lle pro 100.000 Einwohner.\n  <\/p>\n<p class=\"mb-6 text-xs md:text-m lg:text-l font-serif group-[.font-sans]:font-sans \">\n    \u201eDeutschland ist grunds\u00e4tzlich ein sicheres Land\u201c, erkl\u00e4rt der\u00a0<a href=\"http:\/\/csl.mpg.de\/812701\/steigt-die-kriminalitaet-in-deutschland\" rel=\"nofollow noopener\" target=\"_blank\" class=\"underline \">Kriminologe<\/a>\u00a0Dietrich Oberwittler vom Max-Planck-Institut zur Erforschung von Kriminalit\u00e4t, Sicherheit und Recht. In den vergangenen 20 bis 30 Jahren sei die Kriminalit\u00e4t teilweise deutlich gesunken. Berechnungen zur Kriminalit\u00e4t von Ausl\u00e4ndern sind\u00a0<a href=\"https:\/\/www.tagesschau.de\/faktenfinder\/kontext\/kriminalitaet-nationalitaet-100.html\" rel=\"nofollow noopener\" target=\"_blank\" class=\"underline \">Fachleuten<\/a>\u00a0zufolge zudem fehleranf\u00e4llig. Der Wissenschaftler Christian Walburg von der Deutschen Hochschule der Polizei legt dar, warum man das Thema\u00a0<a href=\"https:\/\/www.bpb.de\/themen\/innere-sicherheit\/dossier-innere-sicherheit\/301624\/migration-und-kriminalitaet\/\" rel=\"nofollow noopener\" target=\"_blank\" class=\"underline \">differenziert betrachten<\/a>\u00a0sollte.\n  <\/p>\n<p>            Weniger Tote durch Schusswaffen<\/p>\n<p class=\"mb-6 text-xs md:text-m lg:text-l font-serif group-[.font-sans]:font-sans \">\n    Deutschland war und ist also nicht \u201efrei von Kriminalit\u00e4t\u201c, aber im internationalen Vergleich relativ sicher. In dem Land, das Donald Trump in zweiter Amtszeit regiert, ist beispielsweise\u00a0<a href=\"https:\/\/archive.vn\/3RZMc\" rel=\"nofollow noopener\" target=\"_blank\" class=\"underline \">Waffengewalt<\/a>\u00a0viel verbreiteter als in Europa. So\u00a0<a href=\"https:\/\/web.archive.org\/web\/20251215101225\/https:\/www.n-tv.de\/wissen\/So-viele-Menschen-sterben-in-den-USA-durch-Schusswaffen-article23866907.html\" rel=\"nofollow noopener\" target=\"_blank\" class=\"underline \">sterben<\/a>\u00a0in den USA gut zehnmal mehr Menschen durch Sch\u00fcsse als in Deutschland, wie eine\u00a0<a href=\"https:\/\/web.archive.org\/web\/20250707103229\/https:\/jamanetwork.com\/journals\/jama\/fullarticle\/2698492\" rel=\"nofollow noopener\" target=\"_blank\" class=\"underline \">Studie<\/a>\u00a0aus dem Jahr 2018 feststellte.\n  <\/p>\n<p class=\"mb-6 text-xs md:text-m lg:text-l font-serif group-[.font-sans]:font-sans \">\n    (Stand: 15.12.2025)\n  <\/p>\n<p>    Recherche vertiefen? Hier gehts zu den Links<\/p>\n<p class=\"mb-6 text-xs md:text-m lg:text-l font-serif group-[.font-sans]:font-sans \">\n    Haben auch Sie einen Sachverhalt, den man einmal unter die Lupe nehmen sollte? Ein Foto, Video oder eine Aussage, die gepr\u00fcft werden sollte? Dann freuen wir uns \u00fcber Ihre Nachricht an die dpa-Faktenchecker unter 0160 3476409 via WhatsApp (Keine Gew\u00e4hr f\u00fcr die Bearbeitung).\n  <\/p>\n<p>    Transparenzhinweis<\/p>\n<p class=\"mb-6 text-xs md:text-m lg:text-l font-serif group-[.font-sans]:font-sans \">\n    Das Projekt \u201eAugsburg checkt\u2018s\u201c erfolgt in gemeinsamer Zusammenarbeit der Stadt Augsburg, den Stadtwerken Augsburg, der Augsburger Allgemeinen und der Deutschen Presseagentur. Stadt und Stadtwerke stellen Geb\u00e4ude, Liegenschaften sowie Fahrzeuge f\u00fcr die Initiative zur Verf\u00fcgung. Auf Inhalte haben sie keinen Einfluss. Die Faktenchecks wurden von der Deutschen Presseagentur recherchiert und werden \u00fcber die Augsburger Allgemeine publiziert.\u00a0\n  <\/p>\n","protected":false},"excerpt":{"rendered":"\u201eSchaut Euch Deutschland an. Deutschland war frei von Kriminalit\u00e4t\u201c, hat US-Pr\u00e4sident Donald Trump j\u00fcngst in einem Interview unwidersprochen&hellip;\n","protected":false},"author":2,"featured_media":663461,"comment_status":"","ping_status":"","sticky":false,"template":"","format":"standard","meta":{"footnotes":""},"categories":[1846],"tags":[680,772,3364,29,548,663,3934,30,13,14,15,12],"class_list":{"0":"post-663460","1":"post","2":"type-post","3":"status-publish","4":"format-standard","5":"has-post-thumbnail","7":"category-augsburg","8":"tag-augsburg","9":"tag-bayern","10":"tag-de","11":"tag-deutschland","12":"tag-eu","13":"tag-europa","14":"tag-europe","15":"tag-germany","16":"tag-headlines","17":"tag-nachrichten","18":"tag-news","19":"tag-schlagzeilen"},"share_on_mastodon":{"url":"https:\/\/pubeurope.com\/@de\/115760903207358521","error":""},"_links":{"self":[{"href":"https:\/\/www.europesays.com\/de\/wp-json\/wp\/v2\/posts\/663460","targetHints":{"allow":["GET"]}}],"collection":[{"href":"https:\/\/www.europesays.com\/de\/wp-json\/wp\/v2\/posts"}],"about":[{"href":"https:\/\/www.europesays.com\/de\/wp-json\/wp\/v2\/types\/post"}],"author":[{"embeddable":true,"href":"https:\/\/www.europesays.com\/de\/wp-json\/wp\/v2\/users\/2"}],"replies":[{"embeddable":true,"href":"https:\/\/www.europesays.com\/de\/wp-json\/wp\/v2\/comments?post=663460"}],"version-history":[{"count":0,"href":"https:\/\/www.europesays.com\/de\/wp-json\/wp\/v2\/posts\/663460\/revisions"}],"wp:featuredmedia":[{"embeddable":true,"href":"https:\/\/www.europesays.com\/de\/wp-json\/wp\/v2\/media\/663461"}],"wp:attachment":[{"href":"https:\/\/www.europesays.com\/de\/wp-json\/wp\/v2\/media?parent=663460"}],"wp:term":[{"taxonomy":"category","embeddable":true,"href":"https:\/\/www.europesays.com\/de\/wp-json\/wp\/v2\/categories?post=663460"},{"taxonomy":"post_tag","embeddable":true,"href":"https:\/\/www.europesays.com\/de\/wp-json\/wp\/v2\/tags?post=663460"}],"curies":[{"name":"wp","href":"https:\/\/api.w.org\/{rel}","templated":true}]}}