{"id":663462,"date":"2025-12-22T02:39:15","date_gmt":"2025-12-22T02:39:15","guid":{"rendered":"https:\/\/www.europesays.com\/de\/663462\/"},"modified":"2025-12-22T02:39:15","modified_gmt":"2025-12-22T02:39:15","slug":"podcast-verbrechen-im-quadrat-zur-amokfahrt-in-mannheim","status":"publish","type":"post","link":"https:\/\/www.europesays.com\/de\/663462\/","title":{"rendered":"Podcast \u201eVerbrechen im Quadrat\u201c zur Amokfahrt in Mannheim"},"content":{"rendered":"<p class=\"ar-p\">Die Amokfahrt von Rosenmontag 2025 hat in <a class=\"rtr-entity\" data-rtr-entity=\"Mannheim\" data-rtr-id=\"8e39f98d121d00ffdaf4f78a2ae2e7dea2653ba7\" data-rtr-score=\"67.47448704103671\" data-rtr-etype=\"location\" href=\"https:\/\/www.mannheimer-morgen.de\/orte\/mannheim.html\" target=\"_blank\" rel=\"noopener\">Mannheim<\/a> tiefe Spuren hinterlassen. Mannheimer Richter haben den Amokfahrer unter anderem wegen zweifachen Mordes und versuchten Mordes in sechs F\u00e4llen zu einer lebenslangen Haftstrafe verurteilt und zun\u00e4chst die Unterbringung des Mannes in einem psychiatrischen Krankenhaus angeordnet. In drei Folgen des True Crime-Podcasts \u201eVerbrechen im Quadrat\u201c beleuchtet Gerichtsreporterin Agnes Polewka den Prozess.<\/p>\n<p>AdUnit Mobile_Pos2<\/p>\n<p>AdUnit Content_1<\/p>\n<p><img decoding=\"async\" src=\"https:\/\/www.europesays.com\/de\/wp-content\/uploads\/2025\/05\/misc_brightcove.png\" class=\"core-externalcontent__servicelogo--misc\" alt=\"Logo des extern eingebundenen Service\"\/>Empfohlener redaktioneller Inhalt<\/p>\n<p class=\"core-externalcontent__description\">An dieser Stelle finden Sie einen externen Inhalt, der den Artikel erg\u00e4nzt.<\/p>\n<p>* Dadurch k\u00f6nnen personenbezogene Daten an Drittanbieter \u00fcbermittelt werden.<br \/><a href=\"http:\/\/www.mannheimer-morgen.de\/datenschutz\" target=\"_blank\" rel=\"noopener\">Mehr dazu in unserer Datenschutzerkl\u00e4rung<\/a>.<\/p>\n<p class=\"ar-p\">In Teil 1 rekonstruiert Agnes Polewka die Tat und die unmittelbare Zeit danach, sie besch\u00e4ftigt sich mit dem Angeklagten, Recherchen \u00fcber m\u00f6gliche rechte Verstrickungen und den Zeugenberichten von Menschen aus dem n\u00e4heren Umfeld des Mannes. Auch hat sie am Rande der Verhandlung mit dem Verteidiger des Angeklagten, Uwe Kosmala gesprochen.<\/p>\n<p><img decoding=\"async\" src=\"https:\/\/www.europesays.com\/de\/wp-content\/uploads\/2025\/05\/misc_brightcove.png\" class=\"core-externalcontent__servicelogo--misc\" alt=\"Logo des extern eingebundenen Service\"\/>Empfohlener redaktioneller Inhalt<\/p>\n<p class=\"core-externalcontent__description\">An dieser Stelle finden Sie einen externen Inhalt, der den Artikel erg\u00e4nzt.<\/p>\n<p>* Dadurch k\u00f6nnen personenbezogene Daten an Drittanbieter \u00fcbermittelt werden.<br \/><a href=\"http:\/\/www.mannheimer-morgen.de\/datenschutz\" target=\"_blank\" rel=\"noopener\">Mehr dazu in unserer Datenschutzerkl\u00e4rung<\/a>.<\/p>\n<p class=\"ar-p\">Teil 2 zum Prozess um die Amokfahrt ist den Opfern des Verbrechens gewidmet. Podcast-Host Polewka spricht mit den Anw\u00e4lten der Nebenkl\u00e4ger und rekapituliert die Sachverst\u00e4ndigengutachten, die das Sterben der Todesopfer dokumentieren. Auch spricht sie \u00fcber die heldenhaften Versuche des Taxifahrers und anderer Menschen, den Amokfahrer zu stoppen.<\/p>\n<p><img decoding=\"async\" src=\"https:\/\/www.europesays.com\/de\/wp-content\/uploads\/2025\/05\/misc_brightcove.png\" class=\"core-externalcontent__servicelogo--misc\" alt=\"Logo des extern eingebundenen Service\"\/>Empfohlener redaktioneller Inhalt<\/p>\n<p class=\"core-externalcontent__description\">An dieser Stelle finden Sie einen externen Inhalt, der den Artikel erg\u00e4nzt.<\/p>\n<p>* Dadurch k\u00f6nnen personenbezogene Daten an Drittanbieter \u00fcbermittelt werden.<br \/><a href=\"http:\/\/www.mannheimer-morgen.de\/datenschutz\" target=\"_blank\" rel=\"noopener\">Mehr dazu in unserer Datenschutzerkl\u00e4rung<\/a>.<\/p>\n<p class=\"ar-p\">  Teil 3 kreist um den Versuch dieser Redaktion, den Ausschluss der \u00d6ffentlichkeit f\u00fcr die Dauer des Psychiatrischen Gutachtens auszuschlie\u00dfen und um die Gr\u00fcnde f\u00fcr die nicht-\u00f6ffentlichen Pl\u00e4doyers. Nat\u00fcrlich beleuchtet Polewka in der finalen Episode auch die Urteilsbegr\u00fcndung des Gerichts.<\/p>\n","protected":false},"excerpt":{"rendered":"Die Amokfahrt von Rosenmontag 2025 hat in Mannheim tiefe Spuren hinterlassen. Mannheimer Richter haben den Amokfahrer unter anderem&hellip;\n","protected":false},"author":2,"featured_media":663463,"comment_status":"","ping_status":"","sticky":false,"template":"","format":"standard","meta":{"footnotes":""},"categories":[1845],"tags":[1634,3364,29,548,663,3934,30,13,2096,14,15,12],"class_list":{"0":"post-663462","1":"post","2":"type-post","3":"status-publish","4":"format-standard","5":"has-post-thumbnail","7":"category-mannheim","8":"tag-baden-wuerttemberg","9":"tag-de","10":"tag-deutschland","11":"tag-eu","12":"tag-europa","13":"tag-europe","14":"tag-germany","15":"tag-headlines","16":"tag-mannheim","17":"tag-nachrichten","18":"tag-news","19":"tag-schlagzeilen"},"share_on_mastodon":{"url":"https:\/\/pubeurope.com\/@de\/115760908976519466","error":""},"_links":{"self":[{"href":"https:\/\/www.europesays.com\/de\/wp-json\/wp\/v2\/posts\/663462","targetHints":{"allow":["GET"]}}],"collection":[{"href":"https:\/\/www.europesays.com\/de\/wp-json\/wp\/v2\/posts"}],"about":[{"href":"https:\/\/www.europesays.com\/de\/wp-json\/wp\/v2\/types\/post"}],"author":[{"embeddable":true,"href":"https:\/\/www.europesays.com\/de\/wp-json\/wp\/v2\/users\/2"}],"replies":[{"embeddable":true,"href":"https:\/\/www.europesays.com\/de\/wp-json\/wp\/v2\/comments?post=663462"}],"version-history":[{"count":0,"href":"https:\/\/www.europesays.com\/de\/wp-json\/wp\/v2\/posts\/663462\/revisions"}],"wp:featuredmedia":[{"embeddable":true,"href":"https:\/\/www.europesays.com\/de\/wp-json\/wp\/v2\/media\/663463"}],"wp:attachment":[{"href":"https:\/\/www.europesays.com\/de\/wp-json\/wp\/v2\/media?parent=663462"}],"wp:term":[{"taxonomy":"category","embeddable":true,"href":"https:\/\/www.europesays.com\/de\/wp-json\/wp\/v2\/categories?post=663462"},{"taxonomy":"post_tag","embeddable":true,"href":"https:\/\/www.europesays.com\/de\/wp-json\/wp\/v2\/tags?post=663462"}],"curies":[{"name":"wp","href":"https:\/\/api.w.org\/{rel}","templated":true}]}}