{"id":663478,"date":"2025-12-22T02:50:40","date_gmt":"2025-12-22T02:50:40","guid":{"rendered":"https:\/\/www.europesays.com\/de\/663478\/"},"modified":"2025-12-22T02:50:40","modified_gmt":"2025-12-22T02:50:40","slug":"tatverdaechtige-festgenommen-bochum-journal","status":"publish","type":"post","link":"https:\/\/www.europesays.com\/de\/663478\/","title":{"rendered":"Tatverd\u00e4chtige festgenommen \u2013 BOCHUM JOURNAL"},"content":{"rendered":"<p data-start=\"292\" data-end=\"599\">In Bochum-Leithe ist es am Freitagmittag zu einem Wohnungseinbruch gekommen. Zwei Frauen sollen eine Wohnung in einem Mehrfamilienhaus durchsucht haben. Eine Tatverd\u00e4chtige konnte noch am Tatortumfeld festgehalten werden. Die zweite Beteiligte entkam unerkannt. Die Polizei ermittelt weiter.<\/p>\n<p>Einbruch am fr\u00fchen Nachmittag<\/p>\n<p data-start=\"635\" data-end=\"908\">Nach Angaben der Polizei verschafften sich die beiden Frauen am Freitag, 19. Dezember, gegen 13.50 Uhr Zutritt zu einer Wohnung an der Weststra\u00dfe. Das Haus liegt zwischen der Schulstra\u00dfe und der Hohensteinstra\u00dfe. In der Wohnung durchsuchten die T\u00e4terinnen das Schlafzimmer.<\/p>\n<p data-start=\"910\" data-end=\"1031\">Beim Verlassen der R\u00e4ume wurden sie von den heimkehrenden Bewohnern \u00fcberrascht. Beide Frauen fl\u00fcchteten daraufhin zu Fu\u00df.<\/p>\n<p>Sohn verfolgt Tatverd\u00e4chtige<\/p>\n<p data-start=\"1066\" data-end=\"1329\">Der 16-j\u00e4hrige Sohn der Wohnungsinhaber nahm die Verfolgung auf. Er konnte eine der Frauen bis zum Eintreffen der alarmierten Polizei festhalten. Dabei handelte es sich um eine 35-j\u00e4hrige Frau ohne festen Wohnsitz in Deutschland. Sie wurde vorl\u00e4ufig festgenommen.<\/p>\n<p data-start=\"1331\" data-end=\"1391\">Die zweite Tatverd\u00e4chtige entkam und ist weiterhin fl\u00fcchtig.<\/p>\n<p>Beschreibung der fl\u00fcchtigen Frau<\/p>\n<p data-start=\"1430\" data-end=\"1733\">Die Polizei beschreibt die gesuchte Frau als etwa 180 Zentimeter gro\u00df und von d\u00fcnner Statur. Sie soll rund 30 Jahre alt sein und ein osteurop\u00e4isches Erscheinungsbild haben. Bekleidet war sie mit einer schwarzen Jacke sowie einem Schal. Zudem trug sie ein Kopftuch oder eine M\u00fctze und eine Umh\u00e4ngetasche.<\/p>\n<p>Polizei bittet um Hinweise<\/p>\n<p data-start=\"1766\" data-end=\"2029\">Die Kriminalpolizei hat die Ermittlungen \u00fcbernommen. Zeugen, die Hinweise zu der fl\u00fcchtigen Tatverd\u00e4chtigen geben k\u00f6nnen, werden gebeten, sich zu melden. Zust\u00e4ndig ist das ermittelnde Kriminalkommissariat unter den Telefonnummern 0234 909-4135 oder 0234 909-4441.<\/p>\n","protected":false},"excerpt":{"rendered":"In Bochum-Leithe ist es am Freitagmittag zu einem Wohnungseinbruch gekommen. Zwei Frauen sollen eine Wohnung in einem Mehrfamilienhaus&hellip;\n","protected":false},"author":2,"featured_media":663479,"comment_status":"","ping_status":"","sticky":false,"template":"","format":"standard","meta":{"footnotes":""},"categories":[1839],"tags":[7507,3364,29,30,1209],"class_list":{"0":"post-663478","1":"post","2":"type-post","3":"status-publish","4":"format-standard","5":"has-post-thumbnail","7":"category-bochum","8":"tag-bochum","9":"tag-de","10":"tag-deutschland","11":"tag-germany","12":"tag-nordrhein-westfalen"},"share_on_mastodon":{"url":"https:\/\/pubeurope.com\/@de\/115760950418698583","error":""},"_links":{"self":[{"href":"https:\/\/www.europesays.com\/de\/wp-json\/wp\/v2\/posts\/663478","targetHints":{"allow":["GET"]}}],"collection":[{"href":"https:\/\/www.europesays.com\/de\/wp-json\/wp\/v2\/posts"}],"about":[{"href":"https:\/\/www.europesays.com\/de\/wp-json\/wp\/v2\/types\/post"}],"author":[{"embeddable":true,"href":"https:\/\/www.europesays.com\/de\/wp-json\/wp\/v2\/users\/2"}],"replies":[{"embeddable":true,"href":"https:\/\/www.europesays.com\/de\/wp-json\/wp\/v2\/comments?post=663478"}],"version-history":[{"count":0,"href":"https:\/\/www.europesays.com\/de\/wp-json\/wp\/v2\/posts\/663478\/revisions"}],"wp:featuredmedia":[{"embeddable":true,"href":"https:\/\/www.europesays.com\/de\/wp-json\/wp\/v2\/media\/663479"}],"wp:attachment":[{"href":"https:\/\/www.europesays.com\/de\/wp-json\/wp\/v2\/media?parent=663478"}],"wp:term":[{"taxonomy":"category","embeddable":true,"href":"https:\/\/www.europesays.com\/de\/wp-json\/wp\/v2\/categories?post=663478"},{"taxonomy":"post_tag","embeddable":true,"href":"https:\/\/www.europesays.com\/de\/wp-json\/wp\/v2\/tags?post=663478"}],"curies":[{"name":"wp","href":"https:\/\/api.w.org\/{rel}","templated":true}]}}