{"id":663480,"date":"2025-12-22T02:52:28","date_gmt":"2025-12-22T02:52:28","guid":{"rendered":"https:\/\/www.europesays.com\/de\/663480\/"},"modified":"2025-12-22T02:52:28","modified_gmt":"2025-12-22T02:52:28","slug":"russland-schweigt-zu-strategischem-verlust","status":"publish","type":"post","link":"https:\/\/www.europesays.com\/de\/663480\/","title":{"rendered":"Russland schweigt zu strategischem Verlust"},"content":{"rendered":"<p><img decoding=\"async\" loading=\"lazy\" fetchpriority=\"low\" alt=\"Angriff auf Schwarzbootflotte\" class=\"pei0kpe\"\/><\/p>\n<p class=\"c1pbsmr2\">Erstmals soll der Ukraine mit einer Unterwasserdrohne ein Schlag gegen die russische Schwarzmeerflotte gelungen sein. <\/p>\n<p>16.12.2025 | 0:28 min<\/p>\n<p class=\"r1nj4qn5 rvqyqzi\">Am 15. Dezember 2025 gelang es ukrainischen Milit\u00e4rs, eine Marine-Drohne in den Milit\u00e4rhafen von Noworossijsk eindringen und in der N\u00e4he eines russischen U-Boots der sogenannten Warschauer-Klasse (Nato-Codename: &#8222;Improved Kilo-II&#8220;) detonieren zu lassen.<\/p>\n<p class=\"r1nj4qn5 rvqyqzi\">Es handelt sich um ein dieselelektrisches U-Boot, das Kalibr-Marschflugk\u00f6rper abschie\u00dfen kann, die auch mit einem Atomsprengkopf best\u00fcckt werden k\u00f6nnen. Das angegriffene Schiff wurde als B-271 Kolpino identifiziert, eines der neuesten U-Boote Russlands, das Ende 2016 in Dienst gestellt wurde.<\/p>\n<p>U-Boot durch Explosion stark besch\u00e4digt<\/p>\n<p class=\"r1nj4qn5 rvqyqzi\">Die Drohne traf das Schiff zwar nicht direkt, doch die Detonation erfolgte etwa zehn bis 20 Meter vom Heck des U-Boots entfernt. Die genaue Sprengstoffmenge ist zwar nicht bekannt, doch die Explosion riss ein gro\u00dfes Loch in den aus Stein und Beton erbauten Pier. Dies deutet darauf hin, dass die Sprengladung wahrscheinlich mehrere hundert Kilogramm betrug.<\/p>\n<p class=\"r1nj4qn5 rvqyqzi\">Das U-Boot sank zwar nicht, hat aber wahrscheinlich Wasser aufgenommen. Denn Satellitenbildern zufolge, die am 17. Dezember ver\u00f6ffentlicht wurden, liegt das Schiff asymmetrisch tiefer im Wasser als andere, \u00e4hnliche U-Boote, die in seiner N\u00e4he ankern.<\/p>\n<p>Dr. Christian M\u00f6lling &#8230;<img src=\"https:\/\/www.europesays.com\/de\/wp-content\/uploads\/2025\/11\/christian-moelling-108~1920x1080\"  alt=\"Christian M\u00f6lling\" decoding=\"async\" loading=\"eager\"  style=\"object-fit:cover;object-position:center\" fetchpriority=\"high\" class=\"f1mqliu0\"\/>Quelle: DGAP<\/p>\n<p class=\"r1nj4qn5 rvqyqzi\">&#8230; ist Senior Advisor beim European Policy Centre. Er forscht und publiziert seit \u00fcber 20 Jahren zu den Themenkomplexen Sicherheit und Verteidigung, R\u00fcstung und Technologie, Stabilisierung und Krisenmanagement. F\u00fcr ZDFheute analysiert er regelm\u00e4\u00dfig die milit\u00e4rischen Entwicklungen im Ukraine-Konflikt.<\/p>\n<p>Dr. Andr\u00e1s R\u00e1cz &#8230; <img src=\"https:\/\/www.europesays.com\/de\/wp-content\/uploads\/2025\/11\/andras-racz-102~1920x1080\"  alt=\"Andras Racz \" decoding=\"async\" loading=\"eager\"  style=\"object-fit:cover;object-position:center\" fetchpriority=\"high\" class=\"f1mqliu0\"\/>Quelle: DGAP<\/p>\n<p class=\"r1nj4qn5 rvqyqzi\">&#8230; ist Associate Fellow im Programm Sicherheit und Verteidigung der Deutschen Gesellschaft f\u00fcr Ausw\u00e4rtige Politik (DGAP) in Berlin. Er forscht und publiziert zu Streitkr\u00e4ften in Osteuropa und Russland und hybrider Kriegsf\u00fchrung.<\/p>\n<p class=\"r1nj4qn5 rvqyqzi\">Wenn man die Eigenschaften von Druckwellen unter Wasser ber\u00fccksichtigt und die Tatsache, dass die Explosion in der N\u00e4he des Schiffshecks stattfand, ist es sehr wahrscheinlich, dass sowohl der Propeller als auch die Ruder erheblich besch\u00e4digt wurden. M\u00f6glicherweise wurde sogar die Hauptachse verbogen, da die Explosion etwas seitlich, von rechts hinten, kam.<\/p>\n<p>Geringe Reparaturkapazit\u00e4ten<\/p>\n<p class=\"r1nj4qn5 rvqyqzi\"><a data-testid=\"richtext-link\" class=\"_nl_\" id=\"db6b4861\" href=\"https:\/\/www.zdfheute.de\/thema\/russland-324.html\" target=\"_blank\" rel=\"noopener\">Russland<\/a> verf\u00fcgt im gesamten Schwarzmeerraum nur \u00fcber ein einziges Trockendock, in dem ein U-Boot repariert werden kann, und dieses Dock befindet sich in Sewastopol auf der besetzten Krim. <\/p>\n<p class=\"r1nj4qn5 rvqyqzi\">Der Milit\u00e4rhafen von Sewastopol ist jedoch bereits seit 2023 regelm\u00e4\u00dfigen Angriffen mit Drohnen und Marschflugk\u00f6rpern der <a data-testid=\"richtext-link\" class=\"_nl_\" id=\"efb593ae\" href=\"https:\/\/www.zdfheute.de\/thema\/ukraine-198.html\" target=\"_blank\" rel=\"noopener\">Ukraine<\/a> ausgesetzt &#8211; genau aus diesem Grund wurde der gr\u00f6\u00dfte Teil der Schwarzmeerflotte nach Noworossijsk verlegt.<\/p>\n<p><img decoding=\"async\" loading=\"lazy\" fetchpriority=\"low\" alt=\"In Miami verhandeln Russland, Ukraine und USA hinter geschlossenen T\u00fcren \u00fcber das Schicksal der Ukraine und Europas.\" class=\"pei0kpe\"\/><\/p>\n<p class=\"c1pbsmr2\">In Miami verhandeln Russland, Ukraine und USA hinter geschlossenen T\u00fcren \u00fcber das Schicksal der Ukraine und Europas. F\u00fchrend sind drei Gesch\u00e4ftsm\u00e4nner, keine Berufsdiplomaten.<\/p>\n<p>21.12.2025 | 2:53 min<\/p>\n<p class=\"r1nj4qn5 rvqyqzi\">Die Reparatur der Kolpino w\u00fcrde in einem Trockendock mehrere Monate dauern. Angesichts der Gefahr, die Sewastopol f\u00fcr russische Schiffe darstellt, ist es unwahrscheinlich, dass Russland dieses U-Boot so lange der Gefahr ukrainischer Angriffe aussetzen w\u00fcrde. <\/p>\n<p class=\"r1nj4qn5 rvqyqzi\">Stattdessen wird Moskau dieses Schiff h\u00f6chstwahrscheinlich bis zum Ende des Krieges in Noworossijsk vor Anker lassen, bis mit der Reparatur begonnen werden kann.<\/p>\n<p>Bisher keine Reaktion aus Moskau<\/p>\n<p class=\"r1nj4qn5 rvqyqzi\">Bislang hat die russische Regierung auf den Vorfall nicht reagiert, obwohl Russland de facto einen wichtigen strategischen Vorteil verloren hat, n\u00e4mlich ein atomwaffenf\u00e4higes U-Boot.<\/p>\n<p class=\"r1nj4qn5 rvqyqzi\">Trotz regelm\u00e4\u00dfiger Drohungen aus Moskau, dass die Ukraine oder der Westen verschiedene &#8222;rote Linien&#8220; \u00fcberschreiten w\u00fcrden, schweigt der Kreml nun. Er gibt keine zus\u00e4tzlichen Warnungen an die Ukraine heraus und droht auch nicht dem Westen.<\/p>\n<p><img decoding=\"async\" loading=\"lazy\" fetchpriority=\"low\" alt=\"Schaltgespr\u00e4ch Sauer und Sievers\" class=\"pei0kpe\"\/><\/p>\n<p class=\"c1pbsmr2\">&#8222;Alles deutet darauf hin, dass die diplomatischen Positionen noch sehr weit auseinanderliegen&#8220;, sagt David Sauer \u00fcber die Verhandlungen in Miami \u00fcber einen Frieden in der Ukraine.<\/p>\n<p>21.12.2025 | 1:39 min<\/p>\n<p>Schweigen als Kreml-Muster?<\/p>\n<p class=\"r1nj4qn5 rvqyqzi\">Tats\u00e4chlich scheint dies ein Muster f\u00fcr Russlands Reaktionen auf wichtige milit\u00e4rische Verluste zu sein. Als Russland das erste U-Boot in diesem Krieg verlor &#8211; ein weiteres Schiff der Warschauer-Klasse, die Rostow am Don, wurde 2023 zun\u00e4chst von Marschflugk\u00f6rpern getroffen und 2024 versenkt -, gab es ebenfalls keine Drohungen.<\/p>\n<p class=\"r1nj4qn5 rvqyqzi\">Auch im Juni 2025 schwieg der Kreml, als die ber\u00fchmte Operation Spiderweb der Ukraine zehn oder elf schwer zu ersetzende strategische Bomber Russlands zerst\u00f6rte, obwohl diese Flugzeuge Teil des nuklearen Arsenals Moskaus waren.<\/p>\n<p class=\"r1nj4qn5 rvqyqzi\">Es scheint, dass der Kreml gro\u00dfe milit\u00e4rische Verluste lieber unter den Teppich kehrt, als die Aufmerksamkeit durch Vergeltungsdrohungen auf solche Vorf\u00e4lle zu lenken. Es zeigt aber auch, dass Russlands &#8222;rote Linien&#8220; schnell verblassen k\u00f6nnen, wenn innenpolitische Interessen des Kremls dies diktieren.<\/p>\n<p class=\"r1nj4qn5 rvqyqzi\">Aktuelle Meldungen zu Russlands Angriff auf die Ukraine finden Sie jederzeit in unserem Liveblog:<\/p>\n<p>Russland greift die Ukraine an<\/p>\n<p>:<a class=\"f1mro3s7 lzfsw8u _nl_\" id=\"b8d40b07\" href=\"https:\/\/www.zdfheute.de\/politik\/ausland\/ukraine-russland-konflikt-blog-102.html\" target=\"_blank\" rel=\"noopener\">Aktuelles zum Krieg in der Ukraine<\/a><\/p>\n<p>Seit Februar 2022 f\u00fchrt Russland einen Angriffskrieg gegen die Ukraine. Kiew hat eine Gegenoffensive gestartet, die K\u00e4mpfe dauern an. News und Hintergr\u00fcnde im Ticker.<\/p>\n<p><img src=\"https:\/\/www.europesays.com\/de\/wp-content\/uploads\/2025\/11\/ukraine-truemmer-ternopil-100~1920x1080\"  alt=\"Rettungskr\u00e4fte r\u00e4umen am 21.11.2025 die Tr\u00fcmmer eines Wohnhauses in Ternopil weg, das bei einem russischen Angriff schwer besch\u00e4digt wurde.\" decoding=\"async\" loading=\"lazy\"  style=\"object-fit:cover;object-position:center\" fetchpriority=\"low\" class=\"f1mqliu0\"\/><\/p>\n<p>Liveblog<\/p>\n<p>\u00dcber dieses Thema berichtete ZDFheute Xpress in dem Beitrag <a data-testid=\"richtext-link\" class=\"_nl_\" id=\"14bc871c\" href=\"https:\/\/www.zdfheute.de\/video\/heute-nachrichten\/uboot-schwarzmeerflotte-russland-video-100.html\" target=\"_blank\" rel=\"noopener\">&#8222;Ukraine meldet Angriff auf Schwarzmeerflotte&#8220;<\/a> am 16.12.2025 um 15:27 Uhr. Die Entwicklungen im Ukraine-Krieg sind Thema in mehreren Sendungen, etwa im heute journal am 21.12.2025 ab 21:45 Uhr.<\/p>\n","protected":false},"excerpt":{"rendered":"Erstmals soll der Ukraine mit einer Unterwasserdrohne ein Schlag gegen die russische Schwarzmeerflotte gelungen sein. 16.12.2025 | 0:28&hellip;\n","protected":false},"author":2,"featured_media":663481,"comment_status":"","ping_status":"","sticky":false,"template":"","format":"standard","meta":{"footnotes":""},"categories":[4013],"tags":[331,332,13,14,15,4043,4044,850,307,12],"class_list":{"0":"post-663480","1":"post","2":"type-post","3":"status-publish","4":"format-standard","5":"has-post-thumbnail","7":"category-russland","8":"tag-aktuelle-nachrichten","9":"tag-aktuelle-news","10":"tag-headlines","11":"tag-nachrichten","12":"tag-news","13":"tag-russia","14":"tag-russian-federation","15":"tag-russische-foederation","16":"tag-russland","17":"tag-schlagzeilen"},"share_on_mastodon":{"url":"https:\/\/pubeurope.com\/@de\/115760959149451250","error":""},"_links":{"self":[{"href":"https:\/\/www.europesays.com\/de\/wp-json\/wp\/v2\/posts\/663480","targetHints":{"allow":["GET"]}}],"collection":[{"href":"https:\/\/www.europesays.com\/de\/wp-json\/wp\/v2\/posts"}],"about":[{"href":"https:\/\/www.europesays.com\/de\/wp-json\/wp\/v2\/types\/post"}],"author":[{"embeddable":true,"href":"https:\/\/www.europesays.com\/de\/wp-json\/wp\/v2\/users\/2"}],"replies":[{"embeddable":true,"href":"https:\/\/www.europesays.com\/de\/wp-json\/wp\/v2\/comments?post=663480"}],"version-history":[{"count":0,"href":"https:\/\/www.europesays.com\/de\/wp-json\/wp\/v2\/posts\/663480\/revisions"}],"wp:featuredmedia":[{"embeddable":true,"href":"https:\/\/www.europesays.com\/de\/wp-json\/wp\/v2\/media\/663481"}],"wp:attachment":[{"href":"https:\/\/www.europesays.com\/de\/wp-json\/wp\/v2\/media?parent=663480"}],"wp:term":[{"taxonomy":"category","embeddable":true,"href":"https:\/\/www.europesays.com\/de\/wp-json\/wp\/v2\/categories?post=663480"},{"taxonomy":"post_tag","embeddable":true,"href":"https:\/\/www.europesays.com\/de\/wp-json\/wp\/v2\/tags?post=663480"}],"curies":[{"name":"wp","href":"https:\/\/api.w.org\/{rel}","templated":true}]}}