{"id":663484,"date":"2025-12-22T02:54:14","date_gmt":"2025-12-22T02:54:14","guid":{"rendered":"https:\/\/www.europesays.com\/de\/663484\/"},"modified":"2025-12-22T02:54:14","modified_gmt":"2025-12-22T02:54:14","slug":"schiff-bislang-nicht-geentert-usa-verfolgen-dritten-oeltanker-vor-venezuela","status":"publish","type":"post","link":"https:\/\/www.europesays.com\/de\/663484\/","title":{"rendered":"Schiff bislang nicht geentert: USA verfolgen dritten \u00d6ltanker vor Venezuela"},"content":{"rendered":"<p>Schiff bislang nicht geentertUSA verfolgen dritten \u00d6ltanker vor Venezuela <\/p>\n<p>22.12.2025, 02:00 Uhr <\/p>\n<p>Artikel anh\u00f6ren(04:17 min)<\/p>\n<p><img decoding=\"async\" class=\"Image_img__fQCi0 Image_Img_16_9__4BLfH widget-picture-inline_maximizable__t_E7h\" loading=\"eager\" fetchpriority=\"high\" src=\"https:\/\/www.europesays.com\/de\/wp-content\/uploads\/2025\/12\/U-S-Secretary-of-Homeland-Security-Kristi-Noem-testifies-during-the-House-Committee-on-Homeland-Secu.webp\" alt=\"U-S-Secretary-of-Homeland-Security-Kristi-Noem-testifies-during-the-House-Committee-on-Homeland-Security-hearing-in-the-Cannon-House-Office-Building-near-the-U-S-Capitol-in-Washington-DC-on-Thursday-December-11-2025-The-committee-met-to-hear-testimony-from-top-national-security-officials-on-potential-worldwide-threats\"\/>Die US-K\u00fcstenwache untersteht Heimatschutzministerin Kristi Noem. (Foto: picture alliance \/ newscom)TeilenFolgen auf:<a href=\"https:\/\/www.whatsapp.com\/channel\/0029Va5cdVJD8SDp5YZgYF01\" title=\"Auf WhatsApp folgen\" target=\"_blank\" rel=\"noopener\"><img decoding=\"async\" src=\"https:\/\/www.n-tv.de\/socialIcons\/whatsapp.svg\" alt=\"whatsapp\" class=\"ArticleShare_icon__FsrC2\"\/><\/a><a href=\"https:\/\/news.google.com\/publications\/CAAiEPMdif5mpRNxiLOeUpHCwwsqFAgKIhDzHYn-ZqUTcYiznlKRwsML?hl=de&amp;gl=DE&amp;ceid=DE%3Ade\" title=\"Auf Google News folgen\" target=\"_blank\" rel=\"noopener\"><img decoding=\"async\" src=\"https:\/\/www.n-tv.de\/socialIcons\/google.svg\" alt=\"whatsapp\" class=\"ArticleShare_icon__FsrC2\"\/><\/a><\/p>\n<p class=\"Typography_text-m__XI0da Typography_weight-bold__uT6mq storyline_lead_text_leadtext__q_wg8\">Nach zwei beschlagnahmten \u00d6ltankern macht die US-K\u00fcstenwache Jagd auf ein drittes Schiff in den Gew\u00e4ssern vor Venezuela. Es soll sich um einen sanktionierten Frachter der Schattenflotte handeln, lassen Regierungsbeamte durchblicken. Analysten vermuten Auswirkungen auf den \u00d6lpreis. <\/p>\n<p class=\"Typography_text-default__P3otY Typography_weight-normal__pqUbH storyline_paragraph_p__qSR5N\">Die US-K\u00fcstenwache hat ein weiteres Schiff vor der K\u00fcste Venezuelas in internationalen Gew\u00e4ssern verfolgt. Dies sagten zwei US-Regierungsvertreter der Nachrichtenagentur Reuters. &#8222;Die K\u00fcstenwache verfolgt aktiv ein sanktioniertes Schiff der Schattenflotte, das Teil der illegalen Sanktionsumgehung Venezuelas ist&#8220;, sagte ein US-Vertreter. &#8222;Es f\u00e4hrt unter falscher Flagge und es liegt ein richterlicher Beschlagnahmebefehl vor.&#8220; Ein weiterer Vertreter sagte, der Tanker sei bislang nicht geentert worden.<\/p>\n<p class=\"Typography_text-default__P3otY Typography_weight-normal__pqUbH storyline_paragraph_p__qSR5N\">Bei einer erfolgreichen Beschlagnahmung w\u00e4re dies der zweite derartige Einsatz an diesem Wochenende und der dritte in weniger als zwei Wochen. Die Regierungsvertreter machten keine Angaben dazu, welches Schiff abgefangen wurde, und nannten auch keinen genauen Ort f\u00fcr den Einsatz. Vom Wei\u00dfen Haus war zun\u00e4chst keine Stellungnahme erh\u00e4ltlich. Die ersten beiden beschlagnahmten \u00d6ltanker seien auf dem Schwarzmarkt t\u00e4tig gewesen, sagte der Direktor des Nationalen Wirtschaftsrats des Wei\u00dfen Hauses, Kevin Hassett, in einem Interview mit dem Sender CBS. Es bestehe kein Grund zur Sorge, dass die Preise in den USA aufgrund der Aktionen steigen w\u00fcrden.<\/p>\n<p class=\"Typography_text-default__P3otY Typography_weight-normal__pqUbH storyline_paragraph_p__qSR5N\">US-Pr\u00e4sident Donald Trump hatte vor wenigen Tagen eine &#8222;Blockade&#8220; aller sanktionierten \u00d6ltanker angek\u00fcndigt, die Venezuela anlaufen oder verlassen. Am Samstag hatte US-Heimatschutzministerin Kristi Noem best\u00e4tigt, dass in internationalen Gew\u00e4ssern ein \u00d6ltanker mit Ladung aus Venezuela beschlagnahmt worden sei. Die US-K\u00fcstenwache untersteht dem Heimatschutzministerium. <\/p>\n<p>Steigt der \u00d6lpreis? <\/p>\n<p class=\"Typography_text-default__P3otY Typography_weight-normal__pqUbH storyline_paragraph_p__qSR5N\">Die Regierung von Pr\u00e4sident Nicolas Maduro in Caracas sprach von einem &#8222;schwerwiegenden Akt internationaler Piraterie&#8220; und warf den USA den &#8222;Diebstahl und die Entf\u00fchrung&#8220; des Schiffes sowie das &#8222;gewaltsame Verschwindenlassen der Besatzung&#8220; vor. Der Vorfall werde dem UN-Sicherheitsrat gemeldet. Die Sprecherin des Wei\u00dfen Hauses, Anna Kelly, erkl\u00e4rte, bei dem Tanker habe es sich um ein &#8222;unter falscher Flagge fahrendes Schiff&#8220; gehandelt. Es sei &#8222;Teil der venezolanischen Schattenflotte, um gestohlenes \u00d6l zu schmuggeln und das narkoterroristische Maduro-Regime zu finanzieren&#8220;.<\/p>\n<p class=\"Typography_text-default__P3otY Typography_weight-normal__pqUbH storyline_paragraph_p__qSR5N\">Die Beschlagnahmungen k\u00f6nnten die \u00d6lpreise zu Beginn des asiatischen Handels jedoch leicht in die H\u00f6he treiben, sagte UBS-Analyst Giovanni Staunovo. &#8222;Marktteilnehmer k\u00f6nnten dies als eine Eskalation ansehen.&#8220; Ein \u00d6lh\u00e4ndler sagte Reuters, er erwarte einen leichten Preisanstieg, wenn der Handel in Asien am Montag wieder aufgenommen werde. Die Beschlagnahmungen erh\u00f6hen zudem die geopolitischen Risiken und d\u00fcrften die Spannungen innerhalb der sogenannten Schattenflotte versch\u00e4rfen, sagte ein weiterer Analyst. Diese Flotte von Schiffen transportiert \u00d6l aus sanktionierten L\u00e4ndern wie Venezuela, Russland und dem Iran.<\/p>\n<p class=\"Typography_text-default__P3otY Typography_weight-normal__pqUbH storyline_paragraph_p__qSR5N\">Die Operationen k\u00f6nnten die Ukraine zudem ermutigen, weiterhin russische Schiffe anzugreifen, und m\u00f6glicherweise auch Europa dazu bewegen, mit Moskau verbundene Schiffe der Schattenflotte festzusetzen, sagte der Analyst Matias Togni von NextBarrel. \u00d6l aus diesen L\u00e4ndern d\u00fcrfte k\u00fcnftig mit h\u00f6heren Abschl\u00e4gen angeboten werden, da die Logistik teurer werde. Dies k\u00f6nnte den Anstieg der \u00d6l-Benchmarkpreise begrenzen. <\/p>\n<p class=\"Typography_text-s__wu_cm Typography_weight-normal__pqUbH Typography_color-darkgrey__sZEnP article-detail-footer_source__KslPc\">Quelle: ntv.de, mau\/rts<\/p>\n","protected":false},"excerpt":{"rendered":"Schiff bislang nicht geentertUSA verfolgen dritten \u00d6ltanker vor Venezuela 22.12.2025, 02:00 Uhr Artikel anh\u00f6ren(04:17 min) Die US-K\u00fcstenwache untersteht&hellip;\n","protected":false},"author":2,"featured_media":663485,"comment_status":"","ping_status":"","sticky":false,"template":"","format":"standard","meta":{"footnotes":""},"categories":[3977],"tags":[331,332,13,14,15,1124,16,9952,1155,12,4017,4018,4016,64,1700,4019,4020],"class_list":{"0":"post-663484","1":"post","2":"type-post","3":"status-publish","4":"format-standard","5":"has-post-thumbnail","7":"category-usa","8":"tag-aktuelle-nachrichten","9":"tag-aktuelle-news","10":"tag-headlines","11":"tag-nachrichten","12":"tag-news","13":"tag-oelpreis","14":"tag-politik","15":"tag-rohstoff-oel","16":"tag-sanktionen","17":"tag-schlagzeilen","18":"tag-united-states","19":"tag-united-states-of-america","20":"tag-us","21":"tag-usa","22":"tag-venezuela","23":"tag-vereinigte-staaten","24":"tag-vereinigte-staaten-von-amerika"},"share_on_mastodon":{"url":"https:\/\/pubeurope.com\/@de\/115760966892406497","error":""},"_links":{"self":[{"href":"https:\/\/www.europesays.com\/de\/wp-json\/wp\/v2\/posts\/663484","targetHints":{"allow":["GET"]}}],"collection":[{"href":"https:\/\/www.europesays.com\/de\/wp-json\/wp\/v2\/posts"}],"about":[{"href":"https:\/\/www.europesays.com\/de\/wp-json\/wp\/v2\/types\/post"}],"author":[{"embeddable":true,"href":"https:\/\/www.europesays.com\/de\/wp-json\/wp\/v2\/users\/2"}],"replies":[{"embeddable":true,"href":"https:\/\/www.europesays.com\/de\/wp-json\/wp\/v2\/comments?post=663484"}],"version-history":[{"count":0,"href":"https:\/\/www.europesays.com\/de\/wp-json\/wp\/v2\/posts\/663484\/revisions"}],"wp:featuredmedia":[{"embeddable":true,"href":"https:\/\/www.europesays.com\/de\/wp-json\/wp\/v2\/media\/663485"}],"wp:attachment":[{"href":"https:\/\/www.europesays.com\/de\/wp-json\/wp\/v2\/media?parent=663484"}],"wp:term":[{"taxonomy":"category","embeddable":true,"href":"https:\/\/www.europesays.com\/de\/wp-json\/wp\/v2\/categories?post=663484"},{"taxonomy":"post_tag","embeddable":true,"href":"https:\/\/www.europesays.com\/de\/wp-json\/wp\/v2\/tags?post=663484"}],"curies":[{"name":"wp","href":"https:\/\/api.w.org\/{rel}","templated":true}]}}