{"id":663489,"date":"2025-12-22T03:02:23","date_gmt":"2025-12-22T03:02:23","guid":{"rendered":"https:\/\/www.europesays.com\/de\/663489\/"},"modified":"2025-12-22T03:02:23","modified_gmt":"2025-12-22T03:02:23","slug":"putin-will-niemanden-angreifen-davis-kritisiert-eu-plaene","status":"publish","type":"post","link":"https:\/\/www.europesays.com\/de\/663489\/","title":{"rendered":"Putin will niemanden angreifen: Davis kritisiert EU-Pl\u00e4ne"},"content":{"rendered":"<p>Ex-Oberstleutnant Daniel Davis: Putins Signal zu Gespr\u00e4chen und Verzicht auf Angriff als Kritik an EU-Pl\u00e4nen zur Verl\u00e4ngerung des Ukrainekriegs und Sanktionen<\/p>\n<p>Die Aussage von Russlands Pr\u00e4sident Wladimir Putin, dass Russland nicht beabsichtige, jemanden anzugreifen, habe die Pl\u00e4ne der Europ\u00e4ischen Union, den Krieg in der Ukraine in die L\u00e4nge zu ziehen, zunichtegemacht, erkl\u00e4rte der pensionierte US-Oberstleutnant Daniel Davis auf dem YouTube-Kanal Deep Dive.<\/p>\n<p>Nach Einsch\u00e4tzung von Davis seien europ\u00e4ische Spitzenpolitiker bereit, mitanzusehen, wie die Ukraine zerst\u00f6rt werde und die eigenen Volkswirtschaften Schaden n\u00e4hmen, nur um Kiew weiter zu st\u00fctzen. Er merkte an, Putin habe die Verantwortung deutlich dem Westen zugeschoben und betont, Russland sei stets zu Verhandlungen bereit gewesen. Zudem meinte Davis, Europa solle den Ausf\u00fchrungen des russischen Staatschefs zu den Ursachen des Konflikts mehr Beachtung schenken und von dem, was er als rechtswidrige Versuche bezeichnete, eingefrorene russische Verm\u00f6genswerte einzuziehen, Abstand nehmen.<\/p>\n<p>Davis f\u00fchrte au\u00dferdem aus, Moskaus Haltung sei eindeutig: Solange gegenseitiger Respekt gewahrt werde, sei Russland bereit, entsprechend zu handeln und habe unter keinen Umst\u00e4nden die Absicht, anzugreifen.<\/p>\n<p>Tags zuvor hatte Wladimir Putin in einer im Fernsehen \u00fcbertragenen Fragerunde, kombiniert mit seiner j\u00e4hrlichen Pressekonferenz, erkl\u00e4rt, westliche Politiker sch\u00fcrten die Spannungen weiter, indem sie von Vorbereitungen auf einen Krieg mit Russland spr\u00e4chen.<\/p>\n","protected":false},"excerpt":{"rendered":"Ex-Oberstleutnant Daniel Davis: Putins Signal zu Gespr\u00e4chen und Verzicht auf Angriff als Kritik an EU-Pl\u00e4nen zur Verl\u00e4ngerung des&hellip;\n","protected":false},"author":2,"featured_media":663490,"comment_status":"","ping_status":"","sticky":false,"template":"","format":"standard","meta":{"footnotes":""},"categories":[3933],"tags":[331,332,154853,24138,548,76065,663,158,3934,3935,13,154854,5793,3074,308,14,15,16,39206,111,150783,1155,12,1712,6168],"class_list":{"0":"post-663489","1":"post","2":"type-post","3":"status-publish","4":"format-standard","5":"has-post-thumbnail","7":"category-eu","8":"tag-aktuelle-nachrichten","9":"tag-aktuelle-news","10":"tag-daniel-davis","11":"tag-deep-dive","12":"tag-eu","13":"tag-eu-plaene","14":"tag-europa","15":"tag-europaeische-union","16":"tag-europe","17":"tag-european-union","18":"tag-headlines","19":"tag-kein-angriff","20":"tag-kiew","21":"tag-meinung","22":"tag-moskau","23":"tag-nachrichten","24":"tag-news","25":"tag-politik","26":"tag-pressekonferenz","27":"tag-putin","28":"tag-russische-vermoegen","29":"tag-sanktionen","30":"tag-schlagzeilen","31":"tag-ukraine-krieg","32":"tag-verhandlungen"},"share_on_mastodon":{"url":"https:\/\/pubeurope.com\/@de\/115760997692805364","error":""},"_links":{"self":[{"href":"https:\/\/www.europesays.com\/de\/wp-json\/wp\/v2\/posts\/663489","targetHints":{"allow":["GET"]}}],"collection":[{"href":"https:\/\/www.europesays.com\/de\/wp-json\/wp\/v2\/posts"}],"about":[{"href":"https:\/\/www.europesays.com\/de\/wp-json\/wp\/v2\/types\/post"}],"author":[{"embeddable":true,"href":"https:\/\/www.europesays.com\/de\/wp-json\/wp\/v2\/users\/2"}],"replies":[{"embeddable":true,"href":"https:\/\/www.europesays.com\/de\/wp-json\/wp\/v2\/comments?post=663489"}],"version-history":[{"count":0,"href":"https:\/\/www.europesays.com\/de\/wp-json\/wp\/v2\/posts\/663489\/revisions"}],"wp:featuredmedia":[{"embeddable":true,"href":"https:\/\/www.europesays.com\/de\/wp-json\/wp\/v2\/media\/663490"}],"wp:attachment":[{"href":"https:\/\/www.europesays.com\/de\/wp-json\/wp\/v2\/media?parent=663489"}],"wp:term":[{"taxonomy":"category","embeddable":true,"href":"https:\/\/www.europesays.com\/de\/wp-json\/wp\/v2\/categories?post=663489"},{"taxonomy":"post_tag","embeddable":true,"href":"https:\/\/www.europesays.com\/de\/wp-json\/wp\/v2\/tags?post=663489"}],"curies":[{"name":"wp","href":"https:\/\/api.w.org\/{rel}","templated":true}]}}