{"id":663491,"date":"2025-12-22T03:03:33","date_gmt":"2025-12-22T03:03:33","guid":{"rendered":"https:\/\/www.europesays.com\/de\/663491\/"},"modified":"2025-12-22T03:03:33","modified_gmt":"2025-12-22T03:03:33","slug":"zur-geburtstagsparty-eintracht-braunschweig-schlaegt-spitzenreiter-schalke-04","status":"publish","type":"post","link":"https:\/\/www.europesays.com\/de\/663491\/","title":{"rendered":"Zur Geburtstagsparty: Eintracht Braunschweig schl\u00e4gt Spitzenreiter Schalke 04"},"content":{"rendered":"<p>        <img decoding=\"async\" src=\"https:\/\/www.europesays.com\/de\/wp-content\/uploads\/2025\/12\/braunschweig-436.webp\" alt=\"Jubel bei den Spielern von Eintracht Braunschweig\" title=\"Jubel bei den Spielern von Eintracht Braunschweig | IMAGO\/STEINSIEK.CH\" class=\"responsive\"\/><\/p>\n<p>AUDIO: BTSV-Trainer Backhaus: &#8222;Bin total stolz auf meine Mannschaft&#8220; (4 Min)<\/p>\n<p>\n                Stand: 21.12.2025 16:33 Uhr<\/p>\n<p class=\"preface\">Eintracht Braunschweig hat sich mit einem 2:1 (0:0)-Sieg gegen Zweitliga-Spitzenreiter Schalke 04 in die Winterpause verabschiedet. Die &#8222;L\u00f6wen&#8220; zeigten eine mitrei\u00dfende Leistung, mussten den Sieg aber teuer bezahlen.<\/p>\n<p class=\"textauthor\">von Florian Neuhauss<\/p>\n<p class=\"\">Ausgerechnet zwei der Ex-Schalker im Team des BTSV schossen die Niedersachsen am Sonntag in F\u00fchrung: Mehmet Aydin erzielte das 1:0 (60.), der eingewechselte Sidi San\u00e9 legte zum 2:0 nach (85.). Und auch wenn ebenso ausgerechnet Soufiane\u00a0El-Faouzi, der ehemalige Sch\u00fctzling von Eintracht-Trainer Heiner Backhaus (selbst Schalke-Fan) aus Aachener Zeiten, noch verk\u00fcrzen konnte (88.), reichte es f\u00fcr die Braunschweiger zum Sieg.<\/p>\n<p class=\"\">Torh\u00fcter Ron-Thorben Hoffmann haderte deshalb auch nicht lange: &#8222;Ich h\u00e4tte liebend gern zu null gespielt. Aber schei\u00dfegal. Hauptsache wir haben gewonnen.&#8220; Wie Hoffmann hat Backhaus eine Schalke-Vergangenheit und bezeichnet sich selbst als Fan. Nach dem Erfolg spielte das aber keine Rolle, er sagte: &#8222;Ich bin total stolz auf meine Mannschaft.&#8220;<\/p>\n<p>    Gro\u00dfe Party und gro\u00dfe Sorge<\/p>\n<p class=\"\">Die BTSV-Anh\u00e4nger hatten mit einer riesigen Choreografie noch einmal den 130. Geburtstag ihres Clubs (15. Dezember) gefeiert. Immer wieder hallten auch Sprechch\u00f6re durch das Eintracht-Stadion &#8211; und verliehen so dem Duell mit dem Spitzenreiter einen besonderen Rahmen.<\/p>\n<p class=\"\">F\u00fcr einen Wermutstropfen sorgte die Verletzung von Christian Conteh. Der Fl\u00fcgelflitzer verdrehte sich das Knie und musste unter gro\u00dfen Schmerzen in der 73. Minute von Betreuern gest\u00fctzt vom Platz gef\u00fchrt werden.<\/p>\n<p>        <img decoding=\"async\" src=\"https:\/\/www.europesays.com\/de\/wp-content\/uploads\/2025\/12\/1766313201_858_tabelle190.webp\" alt=\"Eine Fu\u00dfballtabelle vor eine Fu\u00dfballmotiv\" title=\"Eine Fu\u00dfballtabelle vor eine Fu\u00dfballmotiv | Colourbox, Pressmaster\" class=\"responsive\" loading=\"lazy\"\/><\/p>\n<p>Ergebnisse, Tabellenst\u00e4nde und die Spieltage im \u00dcberblick.<\/p>\n<p>    Braunschweig von Beginn an auf Augenh\u00f6he<\/p>\n<p class=\"\">Die Braunschweiger waren konzentriert in die Partie gestartet. Schalkes Christian\u00a0Gomis hatte zwar die erste Chance, aber Hoffmann fing den Kopfball sogar (7.). Deutlich n\u00e4her dran am Treffer war Leon Bell Bell, der mit seinem Drehschuss auf der anderen Seite das Tor nur um Zentimeter verpasste (11.). Eine gute Chance hatte nach einem Fehler der G\u00e4ste auch noch Johan\u00a0Gomez, der Schuss des BTSV-Angreifers ging aber klar dr\u00fcber (40.).<\/p>\n<p>                    <a href=\"https:\/\/www.europesays.com\/de\/wp-content\/uploads\/2025\/12\/eintracht-braunschweig-214.webp\" class=\"zoomimage\" title=\"Bild vergr\u00f6\u00dfern\"><\/p>\n<p>        <img decoding=\"async\" src=\"https:\/\/www.europesays.com\/de\/wp-content\/uploads\/2025\/12\/eintracht-braunschweig-214.webp\" alt=\"Die Fans von Eintracht Braunschweig zeigen im Stadion eine gro\u00dfe Choreografie\" title=\"Die Fans von Eintracht Braunschweig zeigen im Stadion eine gro\u00dfe Choreografie. | IMAGO\/regios24\" class=\"responsive\" loading=\"lazy\"\/><\/p>\n<p>                    <\/a><\/p>\n<p>                    Die Fans von Eintracht Braunschweig zeigen im Stadion eine gro\u00dfe Choreografie.<\/p>\n<p class=\"\">Ein gro\u00dfer Unterschied zwischen den &#8222;L\u00f6wen&#8220;, die einmal mehr um den Verbleib in der Zweiten Liga k\u00e4mpfen, und dem Tabellenf\u00fchrer war nicht auszumachen. Daran hatte auch das Publikum gro\u00dfen Anteil &#8211; nach der Choreo zu Beginn ging die Party auf den R\u00e4ngen einfach weiter.<\/p>\n<p>    H\u00e4lfte zwei geh\u00f6rt der Eintracht<\/p>\n<p class=\"\">Und der BTSV kn\u00fcpfte nach der Pause auch an die gute Leistung an. Bell Bell hatte dann bereits in der 58. Minute das 1:0 auf dem Fu\u00df, als er frei vor Loris Karius auftauchte. Doch diesmal scheiterte er am Keeper.<\/p>\n<p class=\"\">Zwei Minuten sp\u00e4ter war es dann soweit: Aydin behielt in einer un\u00fcbersichtlichen Situation vor dem Schalker Tor die \u00dcbersicht und jagte den Ball per Doppeltunnel ins Netz. Ein Konter brachte dann die Vorentscheidung: Erencan\u00a0Yardimci schickte San\u00e9, den kleinen Bruder von Schalke-Idol Leroy. Der Joker behielt vor Karius die Nerven und traf wuchtig ins Eck (85.).<\/p>\n<p class=\"\">Die Spannung blieb bis zum Schlusspfiff greifbar, weil El-Faouzi nur drei Minuten sp\u00e4ter wieder verk\u00fcrzte. Aber mit ein wenig Gl\u00fcck &#8211; Mika\u00a0Wallentowitz&#8216; Kopfball landete am Au\u00dfenpfosten (90.+4) &#8211; und der gro\u00dfen Unterst\u00fctzung der Fans gelang der sechste Saisonsieg. Die &#8222;L\u00f6wen&#8220; \u00fcberwintern auf Rang 13, drei Punkte vor dem Relegationsrang.<\/p>\n<p>17. Spieltag, 21.12.2025 13:30 Uhr<\/p>\n<p>                    <img decoding=\"async\" alt=\"\" aria-hidden=\"true\" class=\"steno-team-emblem\" src=\"https:\/\/images.ndr.de\/image\/1edd3a87-3778-4122-a564-236e1e47ec0b\/AAABlbMHWDI\/AAABmyZDc0k\/original\/wappen226.svg\"\/><\/p>\n<p>R.-T. Hoffmann &#8211; Frenkert (57. Ehlers), Nkoa, K\u00f6hler (70. S. San\u00e9) &#8211; G\u00f3mez (70. Di Michele Sanchez), Marie, Aydin, Bell Bell &#8211; Heu\u00dfer, C. Conteh (74. Raebiger) &#8211; Yardimci<\/p>\n<p>2<\/p>\n<p>                    <img decoding=\"async\" alt=\"\" aria-hidden=\"true\" class=\"steno-team-emblem\" src=\"https:\/\/images.ndr.de\/image\/e14543e7-34b4-4558-b192-081808cd2d78\/AAABlbMG8CM\/AAABmyZDc0k\/original\/wappen194.svg\"\/><\/p>\n<p>Karius &#8211; Ayhan (73. Wallentowitz), Katic, Kurucay &#8211; Porath (61. T. Becker), El-Faouzi, Schallenberg, V. Becker (46. S\u00e1nchez) &#8211; Gomis (61. Younes), Karaman &#8211; Sylla<\/p>\n<p>1<\/p>\n<p>                Tore<\/p>\n<ul class=\"steno-facts-list\" aria-label=\"Liste der im Spiel erzielten Treffer\">\n<li><strong>1:0<\/strong> Aydin (60.)<\/li>\n<li><strong>2:0<\/strong> S. San\u00e9 (85.)<\/li>\n<li><strong>2:1<\/strong> El-Faouzi (88.)<\/li>\n<\/ul>\n<p>        <a class=\"button\" href=\"https:\/\/www.ndr.de\/sport\/ergebnisse\/spielstatistik-1016.html\" target=\"_blank\" rel=\"noopener\">Weitere Daten zum Spiel<\/a><\/p>\n","protected":false},"excerpt":{"rendered":"AUDIO: BTSV-Trainer Backhaus: &#8222;Bin total stolz auf meine Mannschaft&#8220; (4 Min) Stand: 21.12.2025 16:33 Uhr Eintracht Braunschweig hat&hellip;\n","protected":false},"author":2,"featured_media":663492,"comment_status":"","ping_status":"","sticky":false,"template":"","format":"standard","meta":{"footnotes":""},"categories":[5],"tags":[621,331,332,6429,3364,29,8704,347,30,13,14,15,1552,12],"class_list":{"0":"post-663491","1":"post","2":"type-post","3":"status-publish","4":"format-standard","5":"has-post-thumbnail","7":"category-nachrichten","8":"tag-2-bundesliga","9":"tag-aktuelle-nachrichten","10":"tag-aktuelle-news","11":"tag-braunschweig","12":"tag-de","13":"tag-deutschland","14":"tag-eintracht-braunschweig","15":"tag-fussball","16":"tag-germany","17":"tag-headlines","18":"tag-nachrichten","19":"tag-news","20":"tag-newsticker","21":"tag-schlagzeilen"},"share_on_mastodon":{"url":"https:\/\/pubeurope.com\/@de\/115761002641628523","error":""},"_links":{"self":[{"href":"https:\/\/www.europesays.com\/de\/wp-json\/wp\/v2\/posts\/663491","targetHints":{"allow":["GET"]}}],"collection":[{"href":"https:\/\/www.europesays.com\/de\/wp-json\/wp\/v2\/posts"}],"about":[{"href":"https:\/\/www.europesays.com\/de\/wp-json\/wp\/v2\/types\/post"}],"author":[{"embeddable":true,"href":"https:\/\/www.europesays.com\/de\/wp-json\/wp\/v2\/users\/2"}],"replies":[{"embeddable":true,"href":"https:\/\/www.europesays.com\/de\/wp-json\/wp\/v2\/comments?post=663491"}],"version-history":[{"count":0,"href":"https:\/\/www.europesays.com\/de\/wp-json\/wp\/v2\/posts\/663491\/revisions"}],"wp:featuredmedia":[{"embeddable":true,"href":"https:\/\/www.europesays.com\/de\/wp-json\/wp\/v2\/media\/663492"}],"wp:attachment":[{"href":"https:\/\/www.europesays.com\/de\/wp-json\/wp\/v2\/media?parent=663491"}],"wp:term":[{"taxonomy":"category","embeddable":true,"href":"https:\/\/www.europesays.com\/de\/wp-json\/wp\/v2\/categories?post=663491"},{"taxonomy":"post_tag","embeddable":true,"href":"https:\/\/www.europesays.com\/de\/wp-json\/wp\/v2\/tags?post=663491"}],"curies":[{"name":"wp","href":"https:\/\/api.w.org\/{rel}","templated":true}]}}