{"id":663493,"date":"2025-12-22T03:04:16","date_gmt":"2025-12-22T03:04:16","guid":{"rendered":"https:\/\/www.europesays.com\/de\/663493\/"},"modified":"2025-12-22T03:04:16","modified_gmt":"2025-12-22T03:04:16","slug":"bka-2025-ueber-1-000-verdaechtige-drohnenfluege-in-deutschland","status":"publish","type":"post","link":"https:\/\/www.europesays.com\/de\/663493\/","title":{"rendered":"BKA: 2025 \u00fcber 1.000 verd\u00e4chtige Drohnenfl\u00fcge in Deutschland"},"content":{"rendered":"<p><img decoding=\"async\" _ngcontent-tt-com-www-c9641867=\"\" src=\"https:\/\/assets.tt.com\/cd\/logos\/tiroler-tageszeitung.svg\" alt=\"Tiroler Tageszeitung Online\" class=\"print-logo\"\/><\/p>\n<p>Au\u00dfenpolitik andere Staaten<\/p>\n<p><img decoding=\"async\" _ngcontent-tt-com-www-c1810053000=\"\" alt=\"\" width=\"800\" height=\"NaN\" loading=\"eager\" fetchpriority=\"high\" ng-img=\"true\" src=\"https:\/\/processing.tt.com\/image\/assets.tt.com\/im-content\/images\/56e7c6b5-7265-5be3-9625-031aea49d9e7?p=eyJyZXNpemUiOnsid2lkdGgiOjgwMCwiZml0IjoiaW5zaWRlIn0sImZvcm1hdCI6ImF2aWYifQ%3D%3D\"\/><\/p>\n<p>Eine &#8222;J\u00e4gerdrohne&#8220; zur Drohnenabwehr fliegt \u00fcber einen Flughafen<\/p>\n<p>\u00a9 APA<\/p>\n<p>Montag, 22.12.2025, 00:28<\/p>\n<p _ngcontent-tt-com-www-c1338370909=\"\" data-cy=\"body\" class=\"cXenseParse\">Das Bundeskriminalamt (BKA) hat \u2060bis Mitte Dezember 2025 eine vierstellige Zahl \u200can verd\u00e4chtigen Drohnenfl\u00fcgen \u00fcber Deutschland erfasst. &#8222;Wir f\u00fchren seit Anfang des Jahres ein \u200dsogenanntes Lagebild mit allen Daten von Verdachtsf\u00e4llen, beziehen auch die Bundeswehr mit ein: In diesem \u200cJahr wurden schon \u00fcber 1.000 verd\u00e4chtige Drohnenfl\u00fcge gemeldet&#8220;, sagte BKA-Pr\u00e4sident Holger \u200cM\u00fcnch der &#8222;Bild&#8220; (Montagausgabe). <\/p>\n<p _ngcontent-tt-com-www-c1338370909=\"\" data-cy=\"body\" class=\"cXenseParse\">&#8222;Am meisten betroffen sind bei uns milit\u00e4rische Einrichtungen, Flugh\u00e4fen, aber auch \u2060andere kritische Infrastrukturen \u2013 etwa R\u00fcstungsunternehmen oder Hafenanlagen.&#8220; Es gebe eine &#8222;ausgepr\u00e4gte Gefahrenlage&#8220;.<\/p>\n<p _ngcontent-tt-com-www-c1338370909=\"\" data-cy=\"body\" class=\"cXenseParse\">Man k\u00f6nne nicht \u200cmit hundertprozentiger Sicherheit sagen, ob diese Drohnenfl\u00fcge auf russische Akteure \u200dzur\u00fcckzuf\u00fchren seien. In vielen F\u00e4llen vermutet \u200bM\u00fcnch jedoch &#8222;offensichtlich&#8220; staatlich gesteuerte Operationen, die nur ein Ziel \u200bh\u00e4tten: &#8222;Verunsicherung&#8220;. Ein anderes Ziel der \u200cDrohnenfl\u00fcge \u2060k\u00f6nne es aber auch sein, &#8222;Informationen zu \u200cbekommen&#8220;. <\/p>\n<p>shareArtikel teilenhomeZur Startseite<\/p>\n","protected":false},"excerpt":{"rendered":"Au\u00dfenpolitik andere Staaten Eine &#8222;J\u00e4gerdrohne&#8220; zur Drohnenabwehr fliegt \u00fcber einen Flughafen \u00a9 APA Montag, 22.12.2025, 00:28 Das Bundeskriminalamt&hellip;\n","protected":false},"author":2,"featured_media":663494,"comment_status":"","ping_status":"","sticky":false,"template":"","format":"standard","meta":{"footnotes":""},"categories":[2],"tags":[331,3924,332,3922,3364,29,663,2050,30,13,8221,14,3923,15,3921,1552,12,1712,193],"class_list":{"0":"post-663493","1":"post","2":"type-post","3":"status-publish","4":"format-standard","5":"has-post-thumbnail","7":"category-deutschland","8":"tag-aktuelle-nachrichten","9":"tag-aktuelle-nachrichten-aus-deutschland","10":"tag-aktuelle-news","11":"tag-aktuelle-news-aus-deutschland","12":"tag-de","13":"tag-deutschland","14":"tag-europa","15":"tag-frankfurt","16":"tag-germany","17":"tag-headlines","18":"tag-konflikte","19":"tag-nachrichten","20":"tag-nachrichten-aus-deutschland","21":"tag-news","22":"tag-news-aus-deutschland","23":"tag-newsticker","24":"tag-schlagzeilen","25":"tag-ukraine-krieg","26":"tag-wissenschaft"},"share_on_mastodon":{"url":"https:\/\/pubeurope.com\/@de\/115761005905401752","error":""},"_links":{"self":[{"href":"https:\/\/www.europesays.com\/de\/wp-json\/wp\/v2\/posts\/663493","targetHints":{"allow":["GET"]}}],"collection":[{"href":"https:\/\/www.europesays.com\/de\/wp-json\/wp\/v2\/posts"}],"about":[{"href":"https:\/\/www.europesays.com\/de\/wp-json\/wp\/v2\/types\/post"}],"author":[{"embeddable":true,"href":"https:\/\/www.europesays.com\/de\/wp-json\/wp\/v2\/users\/2"}],"replies":[{"embeddable":true,"href":"https:\/\/www.europesays.com\/de\/wp-json\/wp\/v2\/comments?post=663493"}],"version-history":[{"count":0,"href":"https:\/\/www.europesays.com\/de\/wp-json\/wp\/v2\/posts\/663493\/revisions"}],"wp:featuredmedia":[{"embeddable":true,"href":"https:\/\/www.europesays.com\/de\/wp-json\/wp\/v2\/media\/663494"}],"wp:attachment":[{"href":"https:\/\/www.europesays.com\/de\/wp-json\/wp\/v2\/media?parent=663493"}],"wp:term":[{"taxonomy":"category","embeddable":true,"href":"https:\/\/www.europesays.com\/de\/wp-json\/wp\/v2\/categories?post=663493"},{"taxonomy":"post_tag","embeddable":true,"href":"https:\/\/www.europesays.com\/de\/wp-json\/wp\/v2\/tags?post=663493"}],"curies":[{"name":"wp","href":"https:\/\/api.w.org\/{rel}","templated":true}]}}