{"id":663520,"date":"2025-12-22T03:23:25","date_gmt":"2025-12-22T03:23:25","guid":{"rendered":"https:\/\/www.europesays.com\/de\/663520\/"},"modified":"2025-12-22T03:23:25","modified_gmt":"2025-12-22T03:23:25","slug":"oberleitungsstoerung-nach-stoerung-zuege-zwischen-dortmund-und-hamm-rollen-wieder-2","status":"publish","type":"post","link":"https:\/\/www.europesays.com\/de\/663520\/","title":{"rendered":"Oberleitungsst\u00f6rung: Nach St\u00f6rung: Z\u00fcge zwischen Dortmund und Hamm rollen wieder"},"content":{"rendered":"<p>        21. Dezember 2025, 23:26 Uhr<br \/>\n    Quelle: dpa Nordrhein-Westfalen\n<\/p>\n<p>        Hinweis<\/p>\n<p class=\"article-notice__text\">DIE ZEIT hat diese Meldung redaktionell nicht bearbeitet. Sie wurde automatisch von der Deutschen Presse-Agentur (dpa) \u00fcbernommen.<\/p>\n<p>            <img decoding=\"async\" class=\"article__media-item\" src=\"https:\/\/www.europesays.com\/de\/wp-content\/uploads\/2025\/12\/1766373805_285_wide__660x371.jpeg\" alt=\"Oberleitungsst\u00f6rung: Ein Fernverkehrszug der Deutschen Bahn steht am Gleis. (Symbolbild)\"\/><\/p>\n<p>                    Ein Fernverkehrszug der Deutschen Bahn steht am Gleis. (Symbolbild)<br \/>\n            \u00a9\u00a0Roberto Pfeil\/\u200bdpa<\/p>\n<p class=\"paragraph article__item\">Nach einer Oberleitungsst\u00f6rung ist die Sperrung der Bahnstrecke zwischen <a class=\"rtr-entity\" href=\"https:\/\/www.zeit.de\/thema\/dortmund\" target=\"_blank\" rel=\"noopener\">Dortmund<\/a> und Hamm aufgehoben worden. Seit dem sp\u00e4ten Abend gebe es keine Einschr\u00e4nkungen mehr, sagte ein Bahnsprecher.\u00a0\n<\/p>\n<p>Aktuelles<\/p>\n<p>                <a href=\"https:\/\/www.zeit.de\/2025\/54\/flixtrain-deutsche-bahn-matthias-mueller-fernverkehr-zuege-konkurrenz\" data-ct-label=\"Flixtrain: Dieser Mann plant eine Revolution im Bahnverkehr\" target=\"_blank\" rel=\"noopener\"><\/p>\n<p>        Z+ (abopflichtiger Inhalt);<\/p>\n<p>    Flixtrain:<br \/>\n                        Dieser Mann plant eine Revolution im Bahnverkehr<\/p>\n<p>                <\/a><\/p>\n<p>                <a href=\"https:\/\/www.zeit.de\/mobilitaet\/2025-11\/bahnverkehr-spanien-zuege-hochgeschwindigkeitsstrecke-schienennetz\" data-ct-label=\"Bahnverkehr in Spanien: So schnell wie China, fast so p\u00fcnktlich wie die Schweiz\" target=\"_blank\" rel=\"noopener\"><\/p>\n<p>        Z+ (abopflichtiger Inhalt);<\/p>\n<p>    Bahnverkehr in Spanien:<br \/>\n                        So schnell wie China, fast so p\u00fcnktlich wie die Schweiz<\/p>\n<p>                <\/a><\/p>\n<p>                <a href=\"https:\/\/www.zeit.de\/wissen\/2025-11\/abschluss-klimakonferenz-cop30-belem-klimapolitik\" data-ct-label=\"Abschluss der Klimakonferenz: Das fossile Zeitalter endet, nur der Plan fehlt\" target=\"_blank\" rel=\"noopener\"><\/p>\n<p>                        Abschluss der Klimakonferenz:<br \/>\n                        Das fossile Zeitalter endet, nur der Plan fehlt<\/p>\n<p>                <\/a><\/p>\n<p class=\"paragraph article__item\">Aufgrund der stundenlangen Reparaturarbeiten waren Z\u00fcge ab dem Nachmittag umgeleitet worden oder ganz ausgefallen. Zwei ICE-Linien und drei IC-Linien des Fernverkehres sowie der Regionalverkehr waren davon betroffen. Zwischen dem Dortmunder Hauptbahnhof und Hamm wurde ein Ersatzverkehr mit Bussen eingerichtet.\n<\/p>\n<p class=\"paragraph article__item\">\u00a9 dpa-infocom, dpa:251221-930-454868\/1<\/p>\n","protected":false},"excerpt":{"rendered":"21. Dezember 2025, 23:26 Uhr Quelle: dpa Nordrhein-Westfalen Hinweis DIE ZEIT hat diese Meldung redaktionell nicht bearbeitet. Sie&hellip;\n","protected":false},"author":2,"featured_media":663521,"comment_status":"","ping_status":"","sticky":false,"template":"","format":"standard","meta":{"footnotes":""},"categories":[1833],"tags":[3364,29,217,30,9060,15,1209,2896,3809],"class_list":{"0":"post-663520","1":"post","2":"type-post","3":"status-publish","4":"format-standard","5":"has-post-thumbnail","7":"category-dortmund","8":"tag-de","9":"tag-deutschland","10":"tag-dortmund","11":"tag-germany","12":"tag-hamm","13":"tag-news","14":"tag-nordrhein-westfalen","15":"tag-oberleitungsstoerung","16":"tag-stoerung"},"share_on_mastodon":{"url":"https:\/\/pubeurope.com\/@de\/115761080942986478","error":""},"_links":{"self":[{"href":"https:\/\/www.europesays.com\/de\/wp-json\/wp\/v2\/posts\/663520","targetHints":{"allow":["GET"]}}],"collection":[{"href":"https:\/\/www.europesays.com\/de\/wp-json\/wp\/v2\/posts"}],"about":[{"href":"https:\/\/www.europesays.com\/de\/wp-json\/wp\/v2\/types\/post"}],"author":[{"embeddable":true,"href":"https:\/\/www.europesays.com\/de\/wp-json\/wp\/v2\/users\/2"}],"replies":[{"embeddable":true,"href":"https:\/\/www.europesays.com\/de\/wp-json\/wp\/v2\/comments?post=663520"}],"version-history":[{"count":0,"href":"https:\/\/www.europesays.com\/de\/wp-json\/wp\/v2\/posts\/663520\/revisions"}],"wp:featuredmedia":[{"embeddable":true,"href":"https:\/\/www.europesays.com\/de\/wp-json\/wp\/v2\/media\/663521"}],"wp:attachment":[{"href":"https:\/\/www.europesays.com\/de\/wp-json\/wp\/v2\/media?parent=663520"}],"wp:term":[{"taxonomy":"category","embeddable":true,"href":"https:\/\/www.europesays.com\/de\/wp-json\/wp\/v2\/categories?post=663520"},{"taxonomy":"post_tag","embeddable":true,"href":"https:\/\/www.europesays.com\/de\/wp-json\/wp\/v2\/tags?post=663520"}],"curies":[{"name":"wp","href":"https:\/\/api.w.org\/{rel}","templated":true}]}}