{"id":663529,"date":"2025-12-22T03:28:19","date_gmt":"2025-12-22T03:28:19","guid":{"rendered":"https:\/\/www.europesays.com\/de\/663529\/"},"modified":"2025-12-22T03:28:19","modified_gmt":"2025-12-22T03:28:19","slug":"liederhalle-stuttgart-das-tatort-duo-auf-den-spuren-eines-geizhalses-kultur","status":"publish","type":"post","link":"https:\/\/www.europesays.com\/de\/663529\/","title":{"rendered":"Liederhalle Stuttgart: Das Tatort-Duo auf den Spuren eines Geizhalses &#8211; Kultur"},"content":{"rendered":"<p>\t\t\t\t\t\t\t\t\t\t\t\t\t\t\t\t\t\t\t\t\t\t\t\t\t\t\t\t\t\t\t\t\t\t\t\t   \t\t\t\t\t \t\t\t\t   \t      \t\t\t\t   <img decoding=\"async\" id=\"article-image\" fetchpriority=\"high\" alt=\"Liederhalle Stuttgart: Das Tatort-Duo auf den Spuren eines Geizhalses\" title=\"Liederhalle Stuttgart: Das Tatort-Duo auf den Spuren eines Geizhalses\" src=\"https:\/\/www.europesays.com\/de\/wp-content\/uploads\/2025\/12\/media.media.8c18412e-0e1b-416e-847a-9940e7ae7782.original700.jpg\" data-linkto=\"https:\/\/www.esslinger-zeitung.de\/javascript:void(0);\"\/>\t\t\t\t\t\t\t\t\t\t\t\t\t\t\t\t\t\t\t\t\t\t\t\tMiroslav Nemec und Udo Wachtveitl spielen den Geizhals Ebenezer Scrooge und die Geister der Weihnacht.\u00a0Foto: Stefan Nimmesgern\t\t\t<\/p>\n<p>Miroslav Nemec und Udo Wachtveitl haben Charles Dickens Weihnachtsgeschichte zur Musik von Libor \u0160\u00edma gelesen.<\/p>\n<p>Ein ausgestreckter Arm reckt sich auf die B\u00fchne, h\u00e4lt ein Gl\u00f6ckchen, der zweite Arm taucht auf und schl\u00e4gt es. Die Musikerinnen sind schon auf ihren Pl\u00e4tzen, stehen auf leuchtenden, flachen Podesten, haben sich die gro\u00dfen, wei\u00dfen Fl\u00fcgel von Engeln umgeschnallt. Und zwei Herren erscheinen, mit wei\u00dfem Haar, beide gekleidet in kurze, altert\u00fcmliche M\u00e4ntel: Miroslav Nemec und Udo Wachtveitl sind da, am Samstagabend in der <a href=\"https:\/\/www.esslinger-zeitung.de\/thema\/Liederhalle\" title=\"Liederhalle\" class=\"art_thema\" rel=\"nofollow noopener\" target=\"_blank\">Liederhalle<\/a>, um jene Weihnachtsgeschichte vorzutragen, die fast so bekannt ist wie die vom Kind in der Krippe. <\/p>\n<p>                                                            Weiterlesen mit <img decoding=\"async\" src=\"https:\/\/www.esslinger-zeitung.de\/staticcontent\/esslinger_zeitung\/assets\/img\/plus-icon.svg\"\/>                        \t\t<\/p>\n<p class=\"title\">Unsere Abo-Empfehlungen<\/p>\n<p>        \t\tVon hier, f\u00fcr die Region,<br \/>\u00fcber die Welt.        \t\t        \t\t \t\t\t\t                                   \t\t<\/p>\n<p>*anschlie\u00dfend 10,99 \u20ac mtl.<\/p>\n<ul>\n<li>Exklusive Artikel, Serien und Abovorteile genie\u00dfen<\/li>\n<li>Zugriff auf alle Inhalte der EZ im Web<\/li>\n<\/ul>\n<p>*anschlie\u00dfend 10,99 \u20ac mtl.<\/p>\n<p>               Bereits Abonnent? Anmelden            <\/p>\n","protected":false},"excerpt":{"rendered":"Miroslav Nemec und Udo Wachtveitl spielen den Geizhals Ebenezer Scrooge und die Geister der Weihnacht.\u00a0Foto: Stefan Nimmesgern Miroslav&hellip;\n","protected":false},"author":2,"featured_media":662674,"comment_status":"","ping_status":"","sticky":false,"template":"","format":"standard","meta":{"footnotes":""},"categories":[1830],"tags":[1634,114115,3364,29,30,80,154680,25044,29617,1441,218,29615,142018],"class_list":{"0":"post-663529","1":"post","2":"type-post","3":"status-publish","4":"format-standard","5":"has-post-thumbnail","7":"category-stuttgart","8":"tag-baden-wuerttemberg","9":"tag-charles-dickens","10":"tag-de","11":"tag-deutschland","12":"tag-germany","13":"tag-kultur","14":"tag-libor-sima","15":"tag-liederhalle","16":"tag-miroslav-nemec","17":"tag-stuttgart","18":"tag-tatort","19":"tag-udo-wachtveitl","20":"tag-weihnachtsgeschichte"},"share_on_mastodon":{"url":"https:\/\/pubeurope.com\/@de\/115761102001806279","error":""},"_links":{"self":[{"href":"https:\/\/www.europesays.com\/de\/wp-json\/wp\/v2\/posts\/663529","targetHints":{"allow":["GET"]}}],"collection":[{"href":"https:\/\/www.europesays.com\/de\/wp-json\/wp\/v2\/posts"}],"about":[{"href":"https:\/\/www.europesays.com\/de\/wp-json\/wp\/v2\/types\/post"}],"author":[{"embeddable":true,"href":"https:\/\/www.europesays.com\/de\/wp-json\/wp\/v2\/users\/2"}],"replies":[{"embeddable":true,"href":"https:\/\/www.europesays.com\/de\/wp-json\/wp\/v2\/comments?post=663529"}],"version-history":[{"count":0,"href":"https:\/\/www.europesays.com\/de\/wp-json\/wp\/v2\/posts\/663529\/revisions"}],"wp:featuredmedia":[{"embeddable":true,"href":"https:\/\/www.europesays.com\/de\/wp-json\/wp\/v2\/media\/662674"}],"wp:attachment":[{"href":"https:\/\/www.europesays.com\/de\/wp-json\/wp\/v2\/media?parent=663529"}],"wp:term":[{"taxonomy":"category","embeddable":true,"href":"https:\/\/www.europesays.com\/de\/wp-json\/wp\/v2\/categories?post=663529"},{"taxonomy":"post_tag","embeddable":true,"href":"https:\/\/www.europesays.com\/de\/wp-json\/wp\/v2\/tags?post=663529"}],"curies":[{"name":"wp","href":"https:\/\/api.w.org\/{rel}","templated":true}]}}