{"id":663609,"date":"2025-12-22T04:20:19","date_gmt":"2025-12-22T04:20:19","guid":{"rendered":"https:\/\/www.europesays.com\/de\/663609\/"},"modified":"2025-12-22T04:20:19","modified_gmt":"2025-12-22T04:20:19","slug":"fw-en-brand-im-dachgeschoss-feuerwehr-hattingen-rettet-einen-bewohner","status":"publish","type":"post","link":"https:\/\/www.europesays.com\/de\/663609\/","title":{"rendered":"FW-EN: Brand im Dachgeschoss &#8211; Feuerwehr Hattingen rettet einen Bewohner"},"content":{"rendered":"<p class=\"date\">22.12.2025 \u2013 04:48<\/p>\n<p class=\"customer\">\n                        <a class=\"story-customer\" title=\"weiter zum newsroom von Feuerwehr Hattingen\" href=\"https:\/\/www.presseportal.de\/blaulicht\/nr\/69779\" target=\"_blank\" rel=\"noopener\">Feuerwehr Hattingen<\/a>\n                    <\/p>\n<p><a class=\"glightbox-pseudo event-trigger\" href=\"https:\/\/cache.pressmailing.net\/thumbnail\/story_hires\/aca16430-d657-4b71-b7e4-ba3814b6be24\/IMG_4056.jpeg.jpg\" data-description=\"Bild Feuerwehr Hattingen\" data-category=\"medialightbox\" data-action=\"click\" data-label=\"single\" data-value=\"6948bf9a270000fd2c4e1686\" target=\"_blank\" rel=\"noopener\"><img decoding=\"async\" height=\"540\" with=\"720\" src=\"https:\/\/www.europesays.com\/de\/wp-content\/uploads\/2025\/12\/fw-en-brand-im-dachgeschoss-feuerwehr-hattingen-rettet-einen-bewohner.jpeg\"   alt=\"FW-EN: Brand im Dachgeschoss - Feuerwehr Hattingen rettet einen Bewohner\" class=\"single\"\/><\/a><\/p>\n<p><a data-category=\"citylink-story-view\" data-action=\"click\" data-label=\"Citylink in Meldungsansicht\" class=\"story-city event-trigger\" href=\"https:\/\/www.presseportal.de\/regional\/Hattingen\" title=\"News aus Hattingen \" target=\"_blank\" rel=\"noopener\">Hattingen<\/a> (ots)<\/p>\n<p>In den fr\u00fchen Morgenstunden des Montags wurde die Feuerwehr Hattingen gegen 2.30 Uhr zu einem Brandeinsatz in die Johannessegener. Stra\u00dfe alarmiert. Anwohner eines Nachbarhauses hatten Flammenschein und eine Rauchentwicklung aus dem Dachgeschoss eines Mehrfamilienhauses bemerkt und den Notruf gew\u00e4hlt.<\/p>\n<p>Da davon ausgegangen werden musste, dass sich noch Personen im Geb\u00e4ude befanden, alarmierte die Leitstelle ein Gro\u00dfaufgebot an Einsatzkr\u00e4ften unter dem Stichwort &#8222;Brand mit mehrfacher Menschenrettung&#8220;. Ersteintreffend waren Kr\u00e4fte des Rettungsdienstes, die die Meldung best\u00e4tigten. Noch vor Eintreffen der Feuerwehr informierten sie die \u00fcbrigen Bewohner des Hauses und f\u00fchrten diese ins Freie. Lediglich in der Dachgeschosswohnung galt zu diesem Zeitpunkt noch eine Person als vermisst.<\/p>\n<p>Die ersten Kr\u00e4fte der Feuerwehr gingen umgehend unter schwerem Atemschutz mit zwei Trupps zur Menschenrettung in das Dachgeschoss vor. In der vollst\u00e4ndig verrauchten Wohnung haben die Feuerwehrkr\u00e4fte eine bewusstlose Person aufgefunden und unverz\u00fcglich ins Freie verbracht. Der Mann wurde durch den Rettungsdienst und Notarzt versorgt und aufgrund lebensgef\u00e4hrlicher Verletzungen mit einem Rettungswagen in eine Spezialklinik transportiert. Nur den aufmerksamen Nachbarn und dem z\u00fcgigen Handeln der Feuerwehr ist es zu verdanken, dass der Bewohner schnellstm\u00f6glich gerettet werden konnte.<\/p>\n<p>Parallel zur Menschenrettung wurde die Brandbek\u00e4mpfung durchgef\u00fchrt. Das Feuer hatte sich zu einem ausgedehnten Zimmerbrand im Bad entwickelt. Die Hitze hat auch angrenzende R\u00e4umlichkeiten in Mitleidenschaft gezogen. Die gesamte Wohnung war mit Russ beaufschlagt und ist derzeit nicht bewohnbar.<\/p>\n<p>Weitere Einsatzkr\u00e4fte kontrollierten die \u00fcbrigen R\u00e4ume der Wohnung sowie den dar\u00fcberliegende Spitzboden. Nach Abschluss der L\u00f6scharbeiten wurde die Brandwohnung bel\u00fcftet und entraucht.<\/p>\n<p>Nach einer \u00dcberpr\u00fcfung der Gas- und Stromversorgung durch die zust\u00e4ndigen Versorgungsunternehmen sowie einer abschlie\u00dfenden Kontrolle durch die Feuerwehr konnten die restlichen Bewohner des Hauses wieder in ihre Wohnungen zur\u00fcckkehren. Sie waren in der Zwischenzeit in einem Fahrzeug der Polizei untergebracht.<\/p>\n<p>Die Feuerwehr Hattingen war mit den hauptamtlichen Kr\u00e4ften, den L\u00f6schz\u00fcgen Mitte und Oberbredenscheid sowie den Schutzzielerg\u00e4nzungseinheiten aus Nord und Niederwenigern im Einsatz. Seitens des Rettungsdienstes waren zwei Rettungswagen, ein Notarzteinsatzfahrzeug sowie der organisatorische Leiter Rettungsdienst und die leitende Not\u00e4rztin des Ennepe-Ruhr-Kreises vor Ort.<\/p>\n<p>Die Einsatzstelle konnte nach rd. zwei Stunden an die Polizei \u00fcbergeben werden.<\/p>\n<p>Das beigef\u00fcgte Bildmaterial darf unter Nennung Feuerwehr Hattingen verwendet werden.<\/p>\n<p class=\"contact-headline\">R\u00fcckfragen bitte an:<\/p>\n<p class=\"contact-text\">Feuerwehr Hattingen<br \/>Pressestelle<br \/>Jens Herkstr\u00f6ter<br \/>Telefon: 0171\/2636035<br \/>E-Mail: <a href=\"https:\/\/www.presseportal.de\/blaulicht\/pm\/69779\/mailto: j.herkstroeter@feuerwehr-hattingen.ruhr\" class=\"uri-mailto\" target=\"_blank\" rel=\"noopener\"> j.herkstroeter@feuerwehr-hattingen.ruhr<\/a><br \/><a target=\"_blank\" class=\"uri-ext outbound\" rel=\"noopener\" href=\"http:\/\/www.feuerwehr-hattingen.de\/\">http:\/\/www.feuerwehr-hattingen.de\/<\/a><\/p>\n<p class=\"originator\">Original-Content von: Feuerwehr Hattingen, \u00fcbermittelt durch news aktuell<\/p>\n","protected":false},"excerpt":{"rendered":"22.12.2025 \u2013 04:48 Feuerwehr Hattingen Hattingen (ots) In den fr\u00fchen Morgenstunden des Montags wurde die Feuerwehr Hattingen gegen&hellip;\n","protected":false},"author":2,"featured_media":663610,"comment_status":"","ping_status":"","sticky":false,"template":"","format":"standard","meta":{"footnotes":""},"categories":[1839],"tags":[7507,2919,3364,29,985,30,1209,176,178,180,179,181],"class_list":{"0":"post-663609","1":"post","2":"type-post","3":"status-publish","4":"format-standard","5":"has-post-thumbnail","7":"category-bochum","8":"tag-bochum","9":"tag-brand","10":"tag-de","11":"tag-deutschland","12":"tag-feuerwehr","13":"tag-germany","14":"tag-nordrhein-westfalen","15":"tag-nrw","16":"tag-presse","17":"tag-pressemeldung","18":"tag-pressemitteilung","19":"tag-pressemitteilungen"},"share_on_mastodon":{"url":"https:\/\/pubeurope.com\/@de\/115761305188411299","error":""},"_links":{"self":[{"href":"https:\/\/www.europesays.com\/de\/wp-json\/wp\/v2\/posts\/663609","targetHints":{"allow":["GET"]}}],"collection":[{"href":"https:\/\/www.europesays.com\/de\/wp-json\/wp\/v2\/posts"}],"about":[{"href":"https:\/\/www.europesays.com\/de\/wp-json\/wp\/v2\/types\/post"}],"author":[{"embeddable":true,"href":"https:\/\/www.europesays.com\/de\/wp-json\/wp\/v2\/users\/2"}],"replies":[{"embeddable":true,"href":"https:\/\/www.europesays.com\/de\/wp-json\/wp\/v2\/comments?post=663609"}],"version-history":[{"count":0,"href":"https:\/\/www.europesays.com\/de\/wp-json\/wp\/v2\/posts\/663609\/revisions"}],"wp:featuredmedia":[{"embeddable":true,"href":"https:\/\/www.europesays.com\/de\/wp-json\/wp\/v2\/media\/663610"}],"wp:attachment":[{"href":"https:\/\/www.europesays.com\/de\/wp-json\/wp\/v2\/media?parent=663609"}],"wp:term":[{"taxonomy":"category","embeddable":true,"href":"https:\/\/www.europesays.com\/de\/wp-json\/wp\/v2\/categories?post=663609"},{"taxonomy":"post_tag","embeddable":true,"href":"https:\/\/www.europesays.com\/de\/wp-json\/wp\/v2\/tags?post=663609"}],"curies":[{"name":"wp","href":"https:\/\/api.w.org\/{rel}","templated":true}]}}