{"id":663615,"date":"2025-12-22T04:24:14","date_gmt":"2025-12-22T04:24:14","guid":{"rendered":"https:\/\/www.europesays.com\/de\/663615\/"},"modified":"2025-12-22T04:24:14","modified_gmt":"2025-12-22T04:24:14","slug":"us-vizepraesident-vance-es-ist-wieder-ok-weiss-zu-sein-politik","status":"publish","type":"post","link":"https:\/\/www.europesays.com\/de\/663615\/","title":{"rendered":"US-Vizepr\u00e4sident Vance: Es ist wieder OK, wei\u00df zu sein &#8211; Politik"},"content":{"rendered":"<p class=\"rhp-dpa-teaser\"><b>Initiativen zur F\u00f6rderung von Vielfalt sind den Republikanern ein Dorn im Auge. US-Vizepr\u00e4sident Vance lobt vor konservativem Publikum deren Abschaffung. Stattdessen fordert er Patriotismus.<\/b><\/p>\n<p>Phoenix (dpa) &#8211; US-Vizepr\u00e4sident JD Vance hat die Abschaffung von Initiativen f\u00fcr mehr Vielfalt, die sich f\u00fcr historisch benachteiligte Gruppen wie Schwarze einsetzen, als gro\u00dfen Erfolg der US-Regierung gelobt. Pr\u00e4sident <a class=\"rtr-entity\" data-rtr-entity=\"Donald Trump\" data-rtr-id=\"4c2d461052e4493568027a1f701a31d1ee4b8779\" data-rtr-score=\"68.9968814968815\" data-rtr-etype=\"person\" data-rtr-index=\"1\" href=\"https:\/\/www.rheinpfalz.de\/themen\/donald-trump?utm_source=rheinpfalz.de&amp;utm_medium=tms&amp;utm_campaign=intext\" rel=\"nofollow noopener\" target=\"_blank\">Donald Trump<\/a> und seine Administration h\u00e4tten die sogenannten DEI-Initiativen in ihrem ersten Amtsjahr in den \u00abM\u00fclleimer der Geschichte\u00bb verfrachtet, \u00abgenau da, wo sie hingeh\u00f6ren\u00bb, sagte Vance in Phoenix bei einem Treffen einer konservativen Bewegung. <\/p>\n<p>\u00abIn den <a class=\"rtr-entity\" data-rtr-entity=\"Vereinigte Staaten von Amerika\" data-rtr-id=\"69f2d55ab3ff00f8ed91c3d58a9262fa7e193a34\" data-rtr-score=\"6.226611226611227\" data-rtr-etype=\"location\" data-rtr-index=\"0\" href=\"https:\/\/www.rheinpfalz.de\/themen\/usa?utm_source=rheinpfalz.de&amp;utm_medium=tms&amp;utm_campaign=intext\" rel=\"nofollow noopener\" target=\"_blank\">Vereinigten Staaten von Amerika<\/a> muss man sich nicht mehr daf\u00fcr entschuldigen, wei\u00df zu sein\u00bb, sagte Vance vor einem jubelnden Publikum. Anders als die linken Demokraten behandelten Republikaner alle Menschen gleich, so der Vizepr\u00e4sident weiter. Man erwarte von den Menschen allein, dass sie \u00abgro\u00dfartige amerikanische Patrioten\u00bb seien, sagte er vor Mitgliedern der konservativen Jugendorganisation Turning Point <a class=\"rtr-entity\" data-rtr-entity=\"USA\" data-rtr-id=\"5e61066c54a9df7162329159c04819b77ad9b596\" data-rtr-score=\"15.483367983367984\" data-rtr-etype=\"location\" data-rtr-index=\"19\" href=\"https:\/\/www.rheinpfalz.de\/themen\/usa?utm_source=rheinpfalz.de&amp;utm_medium=tms&amp;utm_campaign=intext\" rel=\"nofollow noopener\" target=\"_blank\">USA<\/a>. <\/p>\n<p>Trump und Vance br\u00fcsten sich f\u00fcr den Kampf gegen ein Amerika, in dem sich eine von ihnen als \u00abwoke Ideologie\u00bb kritisierte Toleranz nach ihrer Ansicht in eine Unterdr\u00fcckung der Mehrheit verwandelt hat. Ein besonderer Dorn im Auge waren ihnen dabei die sogenannten DEI-Initiativen. \u00abDEI\u00bb steht f\u00fcr \u00abDiversity, Equity and Inclusion\u00bb, zu Deutsch: Vielfalt, Gerechtigkeit und Inklusion. Die Vorg\u00e4ngerregierung des Demokraten Joe Biden hatte diese gef\u00f6rdert, um benachteiligte Gruppen in den USA gezielt zu unterst\u00fctzen und gegen Rassismus zu k\u00e4mpfen. <\/p>\n<p>Ermordeter Turning-Point-Gr\u00fcnder Kirk war sehr umstritten <\/p>\n<p>In seiner Rede erinnerte Vance auch an Charlie Kirk, den Gr\u00fcnder von Turning Point USA, der im September bei einer Veranstaltung an einer Universit\u00e4t erschossen worden war. Dieser hatte die Gruppe zur gr\u00f6\u00dften konservativen Jugendorganisation des Landes gemacht. Kirk unterst\u00fctzte Trump in dessen Wahlkampf und war ein einflussreicher Vertreter von dessen Bewegung \u00abMake America Great Again\u00bb (MAGA). Kirk machte sich auch als Verfechter der Meinungsfreiheit einen Namen. Kritiker warfen ihm allerdings rassistische, homophobe, transfeindliche und sexistische Ansichten vor.<\/p>\n<p>\u00abCharlies Tod war ein unglaublicher Verlust, ein nicht zu ersetzender Verlust\u00bb, sagte Vance. Sein Tod habe ihn schwer getroffen. Doch der Kampf f\u00fcr seine \u00dcberzeugungen m\u00fcsse weitergehen, sagte er. Vance forderte die jungen Konservativen auch auf, sich vor den Zwischenwahlen zum US-Kongress im kommenden November f\u00fcr die Republikaner zu engagieren. <\/p>\n<p><img decoding=\"async\" loading=\"lazy\" src=\"https:\/\/www.europesays.com\/de\/wp-content\/uploads\/2025\/12\/6910240_1_articledetail_Erika_Kirk_ist_die_Witwe_des_erschossenen_Gruenders_der_konservativen_Jugend.webp\" alt=\"AmericaFest 2025 von Turning Point USA\" title=\"AmericaFest 2025 von Turning Point USA\" width=\"753\" height=\"502\" class=\"nfy-mobile-first\"\/> Erika Kirk ist die Witwe des erschossenen Gr\u00fcnders der konservativen Jugendorganisation Turning Point.Foto: Jon Cherry\/dpaWill Vance selbst Pr\u00e4sident werden? <\/p>\n<p>Vance (41) hat bisher noch keine konkreten Schritte in Richtung einer Pr\u00e4sidentschaftskandidatur 2028 unternommen, es wird aber weithin angenommen, dass er sich um Trumps Nachfolge bem\u00fchen wird. Dabei d\u00fcrfte auch die Unterst\u00fctzung von Turning Point &#8211; und von Kirks Witwe Erika &#8211; eine Rolle spielen. Trump (79) kann nach zwei Amtszeiten nicht erneut kandidieren.<\/p>\n","protected":false},"excerpt":{"rendered":"Initiativen zur F\u00f6rderung von Vielfalt sind den Republikanern ein Dorn im Auge. US-Vizepr\u00e4sident Vance lobt vor konservativem Publikum&hellip;\n","protected":false},"author":2,"featured_media":663616,"comment_status":"","ping_status":"","sticky":false,"template":"","format":"standard","meta":{"footnotes":""},"categories":[3977],"tags":[331,332,3057,108969,106,28196,13,6821,4823,14,15,11719,16,139,12,4017,4018,4016,64,4019,4020,61],"class_list":{"0":"post-663615","1":"post","2":"type-post","3":"status-publish","4":"format-standard","5":"has-post-thumbnail","7":"category-usa","8":"tag-aktuelle-nachrichten","9":"tag-aktuelle-news","10":"tag-amerika","11":"tag-charlie-kirk","12":"tag-donald-trump","13":"tag-dpaticker","14":"tag-headlines","15":"tag-initiative","16":"tag-meldung","17":"tag-nachrichten","18":"tag-news","19":"tag-phoenix","20":"tag-politik","21":"tag-regierung","22":"tag-schlagzeilen","23":"tag-united-states","24":"tag-united-states-of-america","25":"tag-us","26":"tag-usa","27":"tag-vereinigte-staaten","28":"tag-vereinigte-staaten-von-amerika","29":"tag-vielfalt"},"share_on_mastodon":{"url":"https:\/\/pubeurope.com\/@de\/115761320751182081","error":""},"_links":{"self":[{"href":"https:\/\/www.europesays.com\/de\/wp-json\/wp\/v2\/posts\/663615","targetHints":{"allow":["GET"]}}],"collection":[{"href":"https:\/\/www.europesays.com\/de\/wp-json\/wp\/v2\/posts"}],"about":[{"href":"https:\/\/www.europesays.com\/de\/wp-json\/wp\/v2\/types\/post"}],"author":[{"embeddable":true,"href":"https:\/\/www.europesays.com\/de\/wp-json\/wp\/v2\/users\/2"}],"replies":[{"embeddable":true,"href":"https:\/\/www.europesays.com\/de\/wp-json\/wp\/v2\/comments?post=663615"}],"version-history":[{"count":0,"href":"https:\/\/www.europesays.com\/de\/wp-json\/wp\/v2\/posts\/663615\/revisions"}],"wp:featuredmedia":[{"embeddable":true,"href":"https:\/\/www.europesays.com\/de\/wp-json\/wp\/v2\/media\/663616"}],"wp:attachment":[{"href":"https:\/\/www.europesays.com\/de\/wp-json\/wp\/v2\/media?parent=663615"}],"wp:term":[{"taxonomy":"category","embeddable":true,"href":"https:\/\/www.europesays.com\/de\/wp-json\/wp\/v2\/categories?post=663615"},{"taxonomy":"post_tag","embeddable":true,"href":"https:\/\/www.europesays.com\/de\/wp-json\/wp\/v2\/tags?post=663615"}],"curies":[{"name":"wp","href":"https:\/\/api.w.org\/{rel}","templated":true}]}}