{"id":663648,"date":"2025-12-22T04:50:44","date_gmt":"2025-12-22T04:50:44","guid":{"rendered":"https:\/\/www.europesays.com\/de\/663648\/"},"modified":"2025-12-22T04:50:44","modified_gmt":"2025-12-22T04:50:44","slug":"essen-in-kitas-und-grundschulen-wird-deutlich-teurer-boehl-iggelheim","status":"publish","type":"post","link":"https:\/\/www.europesays.com\/de\/663648\/","title":{"rendered":"Essen in Kitas und Grundschulen wird deutlich teurer &#8211; B\u00f6hl-Iggelheim"},"content":{"rendered":"<p class=\"rhp-dpa-teaser\"><b>Die Gemeinde B\u00f6hl-Iggelheim hat die Elternbeitr\u00e4ge f\u00fcr die Mittagsverpflegung in Kitas und Grundschulen erh\u00f6ht \u2013 zum Teil wird es fast doppelt so teuer.<\/b><\/p>\n<p>Vorangegangen war eine von der Gemeinde in Auftrag gegebene Kostenkalkulation, die das Institut f\u00fcr Public Management (IPM) erstellt hat. Die Verwaltung beauftragte die Analyse, um die tats\u00e4chlichen Kosten der Essensversorgung in den kommunalen Einrichtungen transparent zu ermitteln<\/p>\n<p class=\"\">Bitte loggen Sie sich ein um den Artikel im Klartext zu sehen.<\/p>\n<p class=\"\">dnu eid teuneklal ltEeegtn zu  PIM esltetl ,tesf assd die eGdiemne edi epsnserefuVgtgklno bsehri in ibeechhlrme mnUafg nttournvbiiees .heba Wie <\/p>\n<p class=\"\">eetPr rCiths )(DCU in edr e\u00fctgjsnn Rstitugnzsa rteke,emb ise dsa  atew eein tnirillielVoem u.Ero aDs thaueGtcn onv IMP itdnee uadz, eien bokjvetei Bn<\/p>\n","protected":false},"excerpt":{"rendered":"Die Gemeinde B\u00f6hl-Iggelheim hat die Elternbeitr\u00e4ge f\u00fcr die Mittagsverpflegung in Kitas und Grundschulen erh\u00f6ht \u2013 zum Teil wird&hellip;\n","protected":false},"author":2,"featured_media":663649,"comment_status":"","ping_status":"","sticky":false,"template":"","format":"standard","meta":{"footnotes":""},"categories":[1834],"tags":[5871,154879,103035,154878,31,3364,29,3688,30,31461,154877,1460,2818,4060,1209,154876,184],"class_list":{"0":"post-663648","1":"post","2":"type-post","3":"status-publish","4":"format-standard","5":"has-post-thumbnail","7":"category-essen","8":"tag-grundschule","9":"tag-boehl","10":"tag-boehl-iggelheim","11":"tag-burkhard-grueninger","12":"tag-cdu","13":"tag-de","14":"tag-deutschland","15":"tag-essen","16":"tag-germany","17":"tag-grundschueler","18":"tag-iggelheim","19":"tag-kind","20":"tag-kindergarten","21":"tag-lokal","22":"tag-nordrhein-westfalen","23":"tag-peter-christ","24":"tag-spd"},"share_on_mastodon":{"url":"https:\/\/pubeurope.com\/@de\/115761422274216852","error":""},"_links":{"self":[{"href":"https:\/\/www.europesays.com\/de\/wp-json\/wp\/v2\/posts\/663648","targetHints":{"allow":["GET"]}}],"collection":[{"href":"https:\/\/www.europesays.com\/de\/wp-json\/wp\/v2\/posts"}],"about":[{"href":"https:\/\/www.europesays.com\/de\/wp-json\/wp\/v2\/types\/post"}],"author":[{"embeddable":true,"href":"https:\/\/www.europesays.com\/de\/wp-json\/wp\/v2\/users\/2"}],"replies":[{"embeddable":true,"href":"https:\/\/www.europesays.com\/de\/wp-json\/wp\/v2\/comments?post=663648"}],"version-history":[{"count":0,"href":"https:\/\/www.europesays.com\/de\/wp-json\/wp\/v2\/posts\/663648\/revisions"}],"wp:featuredmedia":[{"embeddable":true,"href":"https:\/\/www.europesays.com\/de\/wp-json\/wp\/v2\/media\/663649"}],"wp:attachment":[{"href":"https:\/\/www.europesays.com\/de\/wp-json\/wp\/v2\/media?parent=663648"}],"wp:term":[{"taxonomy":"category","embeddable":true,"href":"https:\/\/www.europesays.com\/de\/wp-json\/wp\/v2\/categories?post=663648"},{"taxonomy":"post_tag","embeddable":true,"href":"https:\/\/www.europesays.com\/de\/wp-json\/wp\/v2\/tags?post=663648"}],"curies":[{"name":"wp","href":"https:\/\/api.w.org\/{rel}","templated":true}]}}