{"id":663650,"date":"2025-12-22T04:52:15","date_gmt":"2025-12-22T04:52:15","guid":{"rendered":"https:\/\/www.europesays.com\/de\/663650\/"},"modified":"2025-12-22T04:52:15","modified_gmt":"2025-12-22T04:52:15","slug":"aerger-wegen-neuer-parksituation-in-dortmund","status":"publish","type":"post","link":"https:\/\/www.europesays.com\/de\/663650\/","title":{"rendered":"\u00c4rger wegen neuer Parksituation in Dortmund"},"content":{"rendered":"<p>\t\t\u201eDie laufen alle Amok hier in der Stra\u00dfe\u201c<br \/>\n\t\t\t\t\t\u00c4rger wegen neuer Parksituation in Dortmund<\/p>\n<p>\t\t\t\t<a class=\"article-author__name\" href=\"https:\/\/www.ruhrnachrichten.de\/author\/esther-burmann\/\" rel=\"author noopener\" target=\"_blank\">Esther Burmann<\/a><br \/>\n\t\tVolont\u00e4rin<\/p>\n<p>    <a href=\"https:\/\/www.ruhrnachrichten.de\/wp-content\/uploads\/2025\/12\/17\/17\/630_0900_5494056_-1648x824.jpg\" target=\"_blank\" rel=\"noopener\"><\/p>\n<p>            <img loading=\"lazy\" decoding=\"async\" src=\"https:\/\/www.europesays.com\/de\/wp-content\/uploads\/2025\/12\/630_0900_5494053_-640x428.jpg\" width=\"640\" height=\"428\"  alt=\"\"\/><\/p>\n<p>    <\/a><br \/>\n    Hans-J\u00fcrgen Agethen \u00e4rgert sich \u00fcber die Parksituation in der Zimmerstra\u00dfe. \u00a9 Esther Burmann<\/p>\n<p class=\"article__teaser-text\">M\u00fclltonnen bleiben voll, es gibt vermehrt Bu\u00dfgelder: Der Konflikt um Parkregeln und die M\u00fcllentsorgung eskaliert und ein Dortmunder zeigt sich ver\u00e4rgert.<\/p>\n<p>3 Min Lesezeit<\/p>\n<p>Regelm\u00e4\u00dfige Bu\u00dfgelderVier Prozesse gewonnenAutos sollen zickzack fahrenGegen M\u00fcll wird laut Anwohner nichts gemacht<\/p>\n","protected":false},"excerpt":{"rendered":"\u201eDie laufen alle Amok hier in der Stra\u00dfe\u201c \u00c4rger wegen neuer Parksituation in Dortmund Esther Burmann Volont\u00e4rin Hans-J\u00fcrgen&hellip;\n","protected":false},"author":2,"featured_media":663651,"comment_status":"","ping_status":"","sticky":false,"template":"","format":"standard","meta":{"footnotes":""},"categories":[1833],"tags":[3364,29,217,30,1209,154880,3587],"class_list":{"0":"post-663650","1":"post","2":"type-post","3":"status-publish","4":"format-standard","5":"has-post-thumbnail","7":"category-dortmund","8":"tag-de","9":"tag-deutschland","10":"tag-dortmund","11":"tag-germany","12":"tag-nordrhein-westfalen","13":"tag-parkproblematik","14":"tag-verkehr-mobilitaet"},"share_on_mastodon":{"url":"https:\/\/pubeurope.com\/@de\/115761430870663681","error":""},"_links":{"self":[{"href":"https:\/\/www.europesays.com\/de\/wp-json\/wp\/v2\/posts\/663650","targetHints":{"allow":["GET"]}}],"collection":[{"href":"https:\/\/www.europesays.com\/de\/wp-json\/wp\/v2\/posts"}],"about":[{"href":"https:\/\/www.europesays.com\/de\/wp-json\/wp\/v2\/types\/post"}],"author":[{"embeddable":true,"href":"https:\/\/www.europesays.com\/de\/wp-json\/wp\/v2\/users\/2"}],"replies":[{"embeddable":true,"href":"https:\/\/www.europesays.com\/de\/wp-json\/wp\/v2\/comments?post=663650"}],"version-history":[{"count":0,"href":"https:\/\/www.europesays.com\/de\/wp-json\/wp\/v2\/posts\/663650\/revisions"}],"wp:featuredmedia":[{"embeddable":true,"href":"https:\/\/www.europesays.com\/de\/wp-json\/wp\/v2\/media\/663651"}],"wp:attachment":[{"href":"https:\/\/www.europesays.com\/de\/wp-json\/wp\/v2\/media?parent=663650"}],"wp:term":[{"taxonomy":"category","embeddable":true,"href":"https:\/\/www.europesays.com\/de\/wp-json\/wp\/v2\/categories?post=663650"},{"taxonomy":"post_tag","embeddable":true,"href":"https:\/\/www.europesays.com\/de\/wp-json\/wp\/v2\/tags?post=663650"}],"curies":[{"name":"wp","href":"https:\/\/api.w.org\/{rel}","templated":true}]}}