{"id":663654,"date":"2025-12-22T04:54:40","date_gmt":"2025-12-22T04:54:40","guid":{"rendered":"https:\/\/www.europesays.com\/de\/663654\/"},"modified":"2025-12-22T04:54:40","modified_gmt":"2025-12-22T04:54:40","slug":"neue-wetterdienst-prognose-an-heiligabend-schneits-in-leipzig","status":"publish","type":"post","link":"https:\/\/www.europesays.com\/de\/663654\/","title":{"rendered":"Neue Wetterdienst-Prognose: An Heiligabend schneit\u00b4s in Leipzig"},"content":{"rendered":"<p>Zu Weihnachten m\u00fcssen sich die Leipziger auf winterliche Temperaturen um den Gefrierpunkt einstellen. Und erfreulicherweise wohl auch auf Schnee! \u00a0\u201eAm Heiligabend kommen Niederschl\u00e4ge auf uns zu, die durchaus nicht nur als Regen fallen sondern durchaus mit Schneeflocken vermischt sind\u201c, hat uns Meteorologe Robert Noth vom Deutschen Wetterdienst am Freitag gesagt.<\/p>\n<p>Der Schnee werde aber nicht liegen bleiben, so Not weiter. Daf\u00fcr soll die Sonne an den Weihnachtsfeiertagen rauskommen! Deswegen w\u00fcrden sich die Feiertage f\u00fcr sch\u00f6ne Winterspazierg\u00e4nge in Parks oder durch die festlich geschm\u00fcckte Innenstadt anbieten.\u00a0<\/p>\n","protected":false},"excerpt":{"rendered":"Zu Weihnachten m\u00fcssen sich die Leipziger auf winterliche Temperaturen um den Gefrierpunkt einstellen. Und erfreulicherweise wohl auch auf&hellip;\n","protected":false},"author":2,"featured_media":663655,"comment_status":"","ping_status":"","sticky":false,"template":"","format":"standard","meta":{"footnotes":""},"categories":[1832],"tags":[3364,29,30,71,859],"class_list":{"0":"post-663654","1":"post","2":"type-post","3":"status-publish","4":"format-standard","5":"has-post-thumbnail","7":"category-leipzig","8":"tag-de","9":"tag-deutschland","10":"tag-germany","11":"tag-leipzig","12":"tag-sachsen"},"share_on_mastodon":{"url":"https:\/\/pubeurope.com\/@de\/115761438028724856","error":""},"_links":{"self":[{"href":"https:\/\/www.europesays.com\/de\/wp-json\/wp\/v2\/posts\/663654","targetHints":{"allow":["GET"]}}],"collection":[{"href":"https:\/\/www.europesays.com\/de\/wp-json\/wp\/v2\/posts"}],"about":[{"href":"https:\/\/www.europesays.com\/de\/wp-json\/wp\/v2\/types\/post"}],"author":[{"embeddable":true,"href":"https:\/\/www.europesays.com\/de\/wp-json\/wp\/v2\/users\/2"}],"replies":[{"embeddable":true,"href":"https:\/\/www.europesays.com\/de\/wp-json\/wp\/v2\/comments?post=663654"}],"version-history":[{"count":0,"href":"https:\/\/www.europesays.com\/de\/wp-json\/wp\/v2\/posts\/663654\/revisions"}],"wp:featuredmedia":[{"embeddable":true,"href":"https:\/\/www.europesays.com\/de\/wp-json\/wp\/v2\/media\/663655"}],"wp:attachment":[{"href":"https:\/\/www.europesays.com\/de\/wp-json\/wp\/v2\/media?parent=663654"}],"wp:term":[{"taxonomy":"category","embeddable":true,"href":"https:\/\/www.europesays.com\/de\/wp-json\/wp\/v2\/categories?post=663654"},{"taxonomy":"post_tag","embeddable":true,"href":"https:\/\/www.europesays.com\/de\/wp-json\/wp\/v2\/tags?post=663654"}],"curies":[{"name":"wp","href":"https:\/\/api.w.org\/{rel}","templated":true}]}}