{"id":663661,"date":"2025-12-22T04:58:16","date_gmt":"2025-12-22T04:58:16","guid":{"rendered":"https:\/\/www.europesays.com\/de\/663661\/"},"modified":"2025-12-22T04:58:16","modified_gmt":"2025-12-22T04:58:16","slug":"deponie-einoed-zeitgemaesses-betriebsgebaeude-fertiggestellt","status":"publish","type":"post","link":"https:\/\/www.europesays.com\/de\/663661\/","title":{"rendered":"Deponie Ein\u00f6d: Zeitgem\u00e4\u00dfes Betriebsgeb\u00e4ude fertiggestellt"},"content":{"rendered":"<p id=\"icyhi\">Die Deponie Ein\u00f6d ist sch\u00f6ner geworden. Genauer gesagt: Das Betriebsgeb\u00e4ude ist sch\u00f6ner. Rund 3,5 Millionen Euro hat die Stadt Stuttgart in den Neubau investiert, der jetzt leuchtend orange umrandete Fenster hat, umgeben von einer dunklen Holzfassade. Der Neubau steht an der Zufahrt zum Wertstoffhof und zur Deponie.<\/p>\n<p id=\"i502n\">Die Deponie Ein\u00f6d gibt es schon seit ungef\u00e4hr 95 Jahren. Die Klinge oberhalb des Betriebsgeb\u00e4udes war viele Jahre lang schlicht eine M\u00fcllkippe, in der der Abfall der Stuttgarter landete. Das hat nicht immer so ganz gut gerochen, weder auf Stuttgarter noch auf der direkt angrenzenden Esslinger Gemarkung. Mit dem Bau der M\u00fcllverbrennungsanlage in Stuttgart-M\u00fcnster und deren Einbindung in das dort schon l\u00e4nger bestehende Kraftwerk \u00e4nderte sich das langsam. Von etwa Mitte der 1970er Jahre an war die Deponie Ein\u00f6d nur noch eine Ausweichl\u00f6sung f\u00fcr den M\u00fcll f\u00fcr den Fall, dass die Verbrennungsanlage nicht funktionierte.<\/p>\n<p id=\"i5lgj\">Kurz vor der Jahrtausendwende schlie\u00dflich wurde aus der M\u00fclldeponie eine Mineralstoffdeponie. In den Umbau hat die Stadt etwa 30 Millionen Euro investiert. Die Deponie Ein\u00f6d ist bis heute eine der wenigen Erddeponien in der Region Stuttgart. Au\u00dferdem befindet sich auf dem Areal der Wertstoffhof Hedelfingen. Dieser ist unten sozusagen auf H\u00f6he der vorbeif\u00fchrenden Bundesstra\u00dfe, die Zufahrt zur eigentlichen Deponie f\u00fchrt in Serpentinen nach oben.<\/p>\n<p>Bauschutt und andere Abf\u00e4lle<\/p>\n<p id=\"i7dk4\">Auf der Deponie k\u00f6nnen gewerbliche Anbieter und Privatpersonen Bauschutt und andere mineralische Abf\u00e4lle abliefern. Bei Mengen bis zu zwei Tonnen pro Jahr geht das ohne Anmeldung. Hat jemand zwei bis 20 Tonnen Schutt pro Jahr, die er loswerden will, muss er das vorher anmelden, das gilt auch f\u00fcr gewerbliche Anlieferer mit mehr als 20 Tonnen pro Jahr. Die entsprechenden Mailadressen, Anmelde- und andere Formulare und nicht unwichtig \u2013 die Preisliste sind auf der st\u00e4dtischen Internetseite zur Deponie Ein\u00f6d zu finden unter <a href=\"https:\/\/www.stuttgart.de\/service\/entsorgung\/annahmestellen\/deponie-einoed\" rel=\"sponsored nofollow noopener\" target=\"_blank\">https:\/\/www.stuttgart.de\/service\/entsorgung\/annahmestellen\/deponie-einoed <\/a><a draggable=\"true\" data-highlightable=\"1\" href=\"http:\/\/ttps:\/\/www.stuttgart.de\/service\/entsorgung\/annahmestellen\/deponie-einoed\" rel=\"sponsored nofollow noopener\" target=\"_blank\" id=\"c1622-2\"> <\/a>.<\/p>\n<p><img decoding=\"async\" src=\"https:\/\/www.europesays.com\/de\/wp-content\/uploads\/2025\/12\/u6y3Yi3e7xEcojbvpn2AaAZ9XXlFOmMj.png\" alt=\"Deponie und Wertstoffhof haben unterschiedliche \u00d6ffnungszeiten.\" class=\"float-left\"\/>Deponie und Wertstoffhof haben unterschiedliche \u00d6ffnungszeiten.<\/p>\n<p id=\"iaegh\">Insgesamt stuft die Stadt die Deponie als auf einem hohen technischen Standard ein, entsprechend zertifiziert ist sie auch. Nur das Betriebsgeb\u00e4ude konnte da \u00fcber etliche Jahre nicht mithalten. Der alte Holzbau war 1981 errichtet worden, wurde 1992 erweitert, war aber trotzdem zu klein und h\u00e4tte irgendwann dann doch ganz dringend saniert werden m\u00fcssen. Das Geb\u00e4ude war undicht, drinnen gab es Schimmelflecken, kein so ganz angenehmer Ort zum Arbeiten. Eine Machbarkeitsstudie kam zu dem Ergebnis, dass eine Sanierung im laufenden Betrieb nicht wirtschaftlich gewesen w\u00e4re, also fiel die Entscheidung f\u00fcr den Neubau. Dessen Baubeginn war im November 2023, inzwischen begr\u00fc\u00dft das neue Geb\u00e4ude mit seiner gekohlten Holzfassade sozusagen die Anlieferer. Der Neubau ist zweist\u00f6ckig, hat eine Nettoraumfl\u00e4che von beinahe 400 Quadratmetern, ein begr\u00fcntes Dach und obendrauf eine Photovoltaik-Anlage.\u201eDer maximal zul\u00e4ssige Energiebedarf nach dem Geb\u00e4udenenergiegesetz wird weit unterschritten\u201c, schreibt die Stadt \u00fcber das Bauprojekt, also ein klimaneutraler Neubau im Plusenergiestandard. Im Geb\u00e4ude gibt es zehn Arbeitspl\u00e4tze, ein Archiv, einen Besprechungsraum und den Wiegemeisterbereich. Au\u00dfen stehen zwei Ladestationen mit je elf Kilowatt Leistung zur Verf\u00fcgung. F\u00fcr warmes Wasser und angenehme Temperaturen im Winter sorgt eine Luft-Wasser-W\u00e4rmepumpe.<\/p>\n<p id=\"i25dc\">Im zugeh\u00f6rigen Wertstoffhof werden auch andere Abf\u00e4lle angenommen, also beispielsweise Altkleider, Altpapier, Gr\u00fcngut, Elektroaltger\u00e4te, brennbarer Sperrm\u00fcll oder \u201esaubere gro\u00dfe reine Kunststoffteile\u201c wie es auf dem Infoblatt dazu hei\u00dft, also etwa alte W\u00e4schek\u00f6rbe. Nicht angenommen werden Alt\u00f6le, fl\u00fcssige Farben oder Lacke, Reifen, Autobatterien oder Bleiakkus. Wer also dort rausf\u00e4hrt, sollte sich vorher informieren, was genau er im Wertstoffhof Ein\u00f6d und in der Deponie los wird und was nicht. Bei manchen der nicht angenommenen Dingen gibt es m\u00f6gliche Abnehmer im nahen Hafen, Ausk\u00fcnfte erteilt gerne das Deponie- und Wertstoffhof-Personal.<\/p>\n<p id=\"iq5z6\"><b>Von J\u00fcrgen Brand<\/b><\/p>\n<p>Neujahrswiegen an Dreik\u00f6nigIn der Hedelfinger Kelter findet die Veranstaltung traditionell statt.<\/p>\n<p id=\"it9nk\">Die Hedelfinger Weing\u00e4rtner laden f\u00fcr Dienstag, 6. Januar, also am Dreik\u00f6nigstag, wieder zu ihrem traditionellen Neujahrswiegen ein. Daf\u00fcr wird wieder die historische Boden-Waage in der Hedelfinger Kelter reaktiviert. Es k\u00f6nnen sich Einzelpersonen und Gruppen mit bis zu maximal acht Personen wiegen lassen.<\/p>\n<p id=\"i0cya\">Wer sein Gewicht im Vergleich zum Neujahrswiegen 2025 gehalten hat, wird mit einem kleinen Geschenk belohnt. Die Gruppe, die gemeinsam das h\u00f6chste Gewicht auf die Waage bringt, bekommt einen Sonderpreis. Die Wiegegeb\u00fchr pro Person betr\u00e4gt 1 Euro. Der Erl\u00f6s wird f\u00fcr einen guten Zweck an eine Hedelfinger Einrichtung gespendet.<\/p>\n<p id=\"iykcc\">Die Hedelfinger Kelter ist f\u00fcr das Neujahrswiegen von 16 bis 20 Uhr ge\u00f6ffnet. Es gibt Gl\u00fchwein, Kinderpunsch, Hedelfinger Wein und kleine Leckereien. <br \/><b>jb<\/b><\/p>\n","protected":false},"excerpt":{"rendered":"Die Deponie Ein\u00f6d ist sch\u00f6ner geworden. Genauer gesagt: Das Betriebsgeb\u00e4ude ist sch\u00f6ner. Rund 3,5 Millionen Euro hat die&hellip;\n","protected":false},"author":2,"featured_media":663662,"comment_status":"","ping_status":"","sticky":false,"template":"","format":"standard","meta":{"footnotes":""},"categories":[1830],"tags":[1634,3364,29,30,5831,1441],"class_list":{"0":"post-663661","1":"post","2":"type-post","3":"status-publish","4":"format-standard","5":"has-post-thumbnail","7":"category-stuttgart","8":"tag-baden-wuerttemberg","9":"tag-de","10":"tag-deutschland","11":"tag-germany","12":"tag-sonderthemen","13":"tag-stuttgart"},"share_on_mastodon":{"url":"https:\/\/pubeurope.com\/@de\/115761453946341033","error":""},"_links":{"self":[{"href":"https:\/\/www.europesays.com\/de\/wp-json\/wp\/v2\/posts\/663661","targetHints":{"allow":["GET"]}}],"collection":[{"href":"https:\/\/www.europesays.com\/de\/wp-json\/wp\/v2\/posts"}],"about":[{"href":"https:\/\/www.europesays.com\/de\/wp-json\/wp\/v2\/types\/post"}],"author":[{"embeddable":true,"href":"https:\/\/www.europesays.com\/de\/wp-json\/wp\/v2\/users\/2"}],"replies":[{"embeddable":true,"href":"https:\/\/www.europesays.com\/de\/wp-json\/wp\/v2\/comments?post=663661"}],"version-history":[{"count":0,"href":"https:\/\/www.europesays.com\/de\/wp-json\/wp\/v2\/posts\/663661\/revisions"}],"wp:featuredmedia":[{"embeddable":true,"href":"https:\/\/www.europesays.com\/de\/wp-json\/wp\/v2\/media\/663662"}],"wp:attachment":[{"href":"https:\/\/www.europesays.com\/de\/wp-json\/wp\/v2\/media?parent=663661"}],"wp:term":[{"taxonomy":"category","embeddable":true,"href":"https:\/\/www.europesays.com\/de\/wp-json\/wp\/v2\/categories?post=663661"},{"taxonomy":"post_tag","embeddable":true,"href":"https:\/\/www.europesays.com\/de\/wp-json\/wp\/v2\/tags?post=663661"}],"curies":[{"name":"wp","href":"https:\/\/api.w.org\/{rel}","templated":true}]}}