{"id":663675,"date":"2025-12-22T05:05:20","date_gmt":"2025-12-22T05:05:20","guid":{"rendered":"https:\/\/www.europesays.com\/de\/663675\/"},"modified":"2025-12-22T05:05:20","modified_gmt":"2025-12-22T05:05:20","slug":"muenchen-fuehrt-laengere-oeffnungszeiten-ein-5","status":"publish","type":"post","link":"https:\/\/www.europesays.com\/de\/663675\/","title":{"rendered":"M\u00fcnchen f\u00fchrt l\u00e4ngere \u00d6ffnungszeiten ein"},"content":{"rendered":"<ol class=\"id-DonaldBreadcrumb lp_west_breadcrumb id-DonaldBreadcrumb--default\" data-k5a-pos=\"west_breadcrumb\">\n<li class=\"id-Breadcrumb-item\"><a href=\"https:\/\/www.tz.de\/\" class=\"id-Breadcrumb-link\" data-id-ec=\"{\" shn=\"\" textlink=\"\" data-k5a-pos=\"1_tz\" target=\"_blank\" rel=\"noopener\">tz<\/a><\/li>\n<li class=\"id-Breadcrumb-item\"><a href=\"https:\/\/www.tz.de\/muenchen\/\" class=\"id-Breadcrumb-link\" data-id-ec=\"{\" shn=\"\" textlink=\"\" data-k5a-pos=\"2_muenchen\" target=\"_blank\" rel=\"noopener\">M\u00fcnchen<\/a><\/li>\n<li class=\"id-Breadcrumb-item\"><a href=\"https:\/\/www.tz.de\/muenchen\/stadt\/\" class=\"id-Breadcrumb-link\" data-id-ec=\"{\" shn=\"\" textlink=\"\" data-k5a-pos=\"3_stadt\" target=\"_blank\" rel=\"noopener\">Stadt<\/a><\/li>\n<\/ol>\n<p class=\"id-Story-timestamp id-Story-timestamp--default\">Stand: 22.12.2025, 04:46 Uhr<\/p>\n<p class=\"id-Story-authors id-Story-authors--default\">Von: <a class=\"id-Story-authors-link lp_west_author\" href=\"https:\/\/www.tz.de\/autor\/elisa-buhrke-swq5kbox.html\" title=\"Zur Autorenseite von Elisa Buhrke\" data-id-ec=\"{\" shn=\"\" author-link=\"\" buhrke=\"\" data-k5a-pos=\"west_author\" target=\"_blank\" rel=\"noopener\">Elisa Buhrke<\/a><\/p>\n<p class=\"id-Story-interactionBar id-Story-interactionBar--default\">DruckenTeilen<\/p>\n<p class=\"id-StoryElement-leadText\">Ab 2026 k\u00f6nnen M\u00fcnchner an mehreren Terminen pro Jahr bis Mitternacht shoppen. Zus\u00e4tzlich erlaubt die Stadt Sonntagsverkauf in der Altstadt.<\/p>\n<p class=\"id-StoryElement-paragraph\">M\u00fcnchen \u2013 Die Vollversammlung des M\u00fcnchner Stadtrats hat eine wegweisende Entscheidung getroffen: Ab 2026 wird es in der bayerischen Landeshauptstadt vier stadtweite Einkaufsabende geben, an denen der Einzelhandel seine T\u00fcren bis Mitternacht \u00f6ffnen darf. Die neue Ladenschlussverordnung wurde jetzt vom Stadtrat beschlossen und soll nach einem Jahr evaluiert werden.<\/p>\n<p><img decoding=\"async\" class=\"id-RatioPlaceholder-element wv_story_el_image\" src=\"https:\/\/www.europesays.com\/de\/wp-content\/uploads\/2025\/12\/40876125-shopping-abends-am-marienplatz-POBG.jpg\" loading=\"lazy\"   height=\"733\" width=\"1100\" alt=\"Shopping abends am Marienplatz\"\/>An vier Abenden im Jahr k\u00f6nnen M\u00fcnchner k\u00fcnftig bis Mitternacht einkaufen gehen.  \u00a9\u00a0<br \/>\nIMAGO \/ Wolfgang Maria WeberEinkaufen bis Mitternacht ab 2026: M\u00fcnchen f\u00fchrt vier lange Einkaufsn\u00e4chte ein<\/p>\n<p class=\"id-StoryElement-paragraph\">Die vier besonderen Shopping-Termine sind strategisch \u00fcber das Jahr verteilt: Der erste findet am ersten Freitag im April statt \u2013 sollte dieser auf Karfreitag fallen, wird der Termin eine Woche vorverlegt. Weitere Einkaufsn\u00e4chte gibt es am Freitag vor den Herbstferien, am Freitag nach dem vierten Donnerstag im November (<a href=\"https:\/\/www.merkur.de\/produktempfehlung\/black-friday-ere25802\/\" class=\"id-import-Link id-pageApi-Link--externalDomain\" title=\"Black Friday\" data-id-ec=\"{&quot;sht&quot;:&quot;Container&quot;,&quot;shn&quot;:&quot;Story&quot;,&quot;p&quot;:{&quot;containerType&quot;:&quot;Paragraph&quot;,&quot;displayType&quot;:&quot;Paragraph InlineLink&quot;,&quot;type&quot;:&quot;INLINE_LINK&quot;,&quot;value&quot;:&quot;Black Friday&quot;,&quot;variant&quot;:&quot;standardLink&quot;,&quot;sponsored&quot;:false,&quot;linkHref&quot;:&quot;https:\/\/www.merkur.de\/produktempfehlung\/black-friday-ere25802\/&quot;,&quot;storyElementPosition&quot;:12,&quot;storyElementCount&quot;:29}}\" target=\"_blank\" rel=\"noopener\">Black Friday<\/a>) sowie am dritten Adventssamstag.<\/p>\n<p class=\"id-StoryElement-paragraph\">Neben den stadtweiten Terminen erhalten Gesch\u00e4fte weitere Flexibilit\u00e4t: Sie k\u00f6nnen zus\u00e4tzlich individuell an bis zu vier Abenden pro Jahr bis Mitternacht \u00f6ffnen. F\u00fcr diese erweiterten \u00d6ffnungszeiten ist keine beh\u00f6rdliche Genehmigung erforderlich \u2013 eine einfache Anzeige beim Kreisverwaltungsreferat mindestens 14 Tage im Voraus gen\u00fcgt.<\/p>\n<p class=\"id-StoryElement-paragraph\">Ein <a href=\"https:\/\/stadt.muenchen.de\/infos\/ladenschluss-feiertagsesetz.html\" rel=\"nofollow noopener\" target=\"_blank\" class=\"id-import-Link id-pageApi-Link--externalDomain\" data-id-ec=\"{&quot;sht&quot;:&quot;Container&quot;,&quot;shn&quot;:&quot;Story&quot;,&quot;p&quot;:{&quot;containerType&quot;:&quot;Paragraph&quot;,&quot;displayType&quot;:&quot;Paragraph InlineLink&quot;,&quot;type&quot;:&quot;INLINE_LINK&quot;,&quot;value&quot;:&quot;Online-Formular auf der Website der Landeshauptstadt M&#xFC;nchen&quot;,&quot;variant&quot;:&quot;standardLink&quot;,&quot;sponsored&quot;:false,&quot;linkHref&quot;:&quot;https:\/\/stadt.muenchen.de\/infos\/ladenschluss-feiertagsesetz.html&quot;,&quot;storyElementPosition&quot;:15,&quot;storyElementCount&quot;:29}}\">Online-Formular auf der Website der Landeshauptstadt M\u00fcnchen<\/a> steht daf\u00fcr zur Verf\u00fcgung. Besonders praktisch: Einkaufszentren und Einkaufspassagen k\u00f6nnen unb\u00fcrokratisch eine gemeinsame Anzeige f\u00fcr alle beteiligten L\u00e4den einreichen.<\/p>\n<p>Sonntagsverkauf in M\u00fcnchens Altstadt wird ausgeweitet<\/p>\n<p class=\"id-StoryElement-paragraph\">Eine weitere bedeutende Neuerung betrifft die M\u00fcnchner Fu\u00dfg\u00e4ngerzone: K\u00fcnftig darf dort auch an Sonn- und Feiertagen Tourismusbedarf verkauft werden \u2013 mit Ausnahme des Karfreitags. Diese Regelung gilt vom 1. April bis 15. Oktober sowie an den vier Adventssonntagen jeweils von 11 bis 19 Uhr.<\/p>\n<p class=\"id-StoryElement-paragraph\">Das Sortiment f\u00fcr den Sonntagsverkauf ist klar definiert: Lebens- und Genussmittel zum sofortigen Verzehr, Schnittblumen, Zeitungen, Zeitschriften, Devotionalien, Andenken geringeren Wertes und f\u00fcr die Region <a href=\"https:\/\/www.tz.de\/muenchen\/stadt\/\" class=\"id-import-Link\" title=\"M&#xFC;nchen\" data-id-ec=\"{&quot;sht&quot;:&quot;Container&quot;,&quot;shn&quot;:&quot;Story&quot;,&quot;p&quot;:{&quot;containerType&quot;:&quot;Paragraph&quot;,&quot;displayType&quot;:&quot;Paragraph InlineLink&quot;,&quot;type&quot;:&quot;INLINE_LINK&quot;,&quot;value&quot;:&quot;M&#xFC;nchen&quot;,&quot;variant&quot;:&quot;standardLink&quot;,&quot;sponsored&quot;:false,&quot;linkHref&quot;:&quot;https:\/\/www.tz.de\/muenchen\/stadt\/&quot;,&quot;storyElementPosition&quot;:19,&quot;storyElementCount&quot;:29}}\" target=\"_blank\" rel=\"noopener\">M\u00fcnchen<\/a> kennzeichnende Waren d\u00fcrfen dann angeboten werden.<\/p>\n<p class=\"id-StoryElement-paragraph\"><strong>tz-App kostenlos downloaden<\/strong>: Entdecken Sie die tz-App mit neuen Funktionen wie kompakte Artikelzusammenfassungen, die praktische Merkenfunktion und vieles mehr. Jetzt herunterladen und \u00fcber alle Geschehnisse in und um M\u00fcnchen informiert bleiben. <a href=\"https:\/\/tz.go.link\/?adj_t=1tr2d92l\" rel=\"nofollow noopener\" target=\"_blank\" class=\"id-import-Link--action id-pageApi-Link--externalDomain\" data-id-ec=\"{&quot;sht&quot;:&quot;Container&quot;,&quot;shn&quot;:&quot;Story&quot;,&quot;p&quot;:{&quot;containerType&quot;:&quot;Paragraph&quot;,&quot;displayType&quot;:&quot;Paragraph InlineLink&quot;,&quot;type&quot;:&quot;INLINE_LINK&quot;,&quot;value&quot;:&quot;Laden Sie sich die App HIER kostenlos herunter.&quot;,&quot;variant&quot;:&quot;callToAction&quot;,&quot;sponsored&quot;:false,&quot;linkHref&quot;:&quot;https:\/\/tz.go.link\/?adj_t=1tr2d92l&quot;,&quot;storyElementPosition&quot;:20,&quot;storyElementCount&quot;:29}}\" data-id-av=\"{&quot;sht&quot;:&quot;Container&quot;,&quot;shn&quot;:&quot;Story&quot;,&quot;p&quot;:{&quot;containerType&quot;:&quot;Paragraph&quot;,&quot;displayType&quot;:&quot;Paragraph InlineLink&quot;,&quot;type&quot;:&quot;INLINE_LINK&quot;,&quot;value&quot;:&quot;Laden Sie sich die App HIER kostenlos herunter.&quot;,&quot;variant&quot;:&quot;callToAction&quot;,&quot;sponsored&quot;:false,&quot;linkHref&quot;:&quot;https:\/\/tz.go.link\/?adj_t=1tr2d92l&quot;,&quot;storyElementPosition&quot;:20,&quot;storyElementCount&quot;:29}}\">Laden Sie sich die App HIER kostenlos herunter.<\/a><\/p>\n<p>\u00c4nderung im Bayerischen Ladenschlussgesetz<\/p>\n<p class=\"id-StoryElement-paragraph\">M\u00f6glich macht diese Flexibilisierung eine \u00c4nderung im Bayerischen Ladenschlussgesetz. Kommunen k\u00f6nnen nun j\u00e4hrlich bis zu acht stadtweite Einkaufsn\u00e4chte bis Mitternacht sowie den Verkauf von Tourismusbedarf an 40 Sonn- und Feiertagen pro Jahr in Kur-, Erholungs-, Wallfahrts- und Ausflugsorten eigenst\u00e4ndig regeln.<\/p>\n<p>Highlights der Isar-Metropole: M\u00fcnchens bekannteste Sehensw\u00fcrdigkeiten und ihre Vorz\u00fcge<img decoding=\"async\" class=\"id-RatioPlaceholder-element wv_story_el_interstitialImage\" src=\"https:\/\/www.europesays.com\/de\/wp-content\/uploads\/2025\/06\/31902581-der-feinkosthaendler-schlemmermeyer-ist-insolvent-ein-schock-fuer-die-vielen-kunden-der-fil.jpeg\" loading=\"lazy\"   height=\"3768\" width=\"5922\" alt=\"Der Feinkosth&#xE4;ndler Schlemmermeyer ist insolvent &#x2013; ein Schock f&#xFC;r die vielen Kunden der Filiale am Viktualienmarkt. \"\/><a href=\"https:\/\/www.tz.de\/muenchen\/stadt\/kirchen-plaetze-park-sachen-sehenswuerdigkeiten-muenchen-bayern-gebaeude-zr-92371810.html\" class=\"id-StoryElement-intestitialLink-link\" data-id-ec=\"{\" shn=\"\" ansehen=\"\" data-k5a-pos=\"west_story_23_photoGalleryLink\" title=\"Zur Fotostrecke: Highlights der Isar-Metropole: M&#xFC;nchens bekannteste Sehensw&#xFC;rdigkeiten und ihre Vorz&#xFC;ge\" target=\"_blank\" rel=\"noopener\">Fotostrecke ansehen<\/a><\/p>\n<p class=\"id-StoryElement-paragraph\">Das Kreisverwaltungsreferat f\u00fchrte im Vorfeld der Entscheidung einen intensiven Dialog mit allen Beteiligten. Handel, Gewerkschaften und Kirchen wurden zweimal zum Runden Tisch geladen, um deren Stellungnahmen einzuholen. Dieser Austausch wurde von den Interessensvertretern ausdr\u00fccklich begr\u00fc\u00dft.<\/p>\n<p>Bayerns \u201eHeimatperlen\u201c<\/p>\n<p class=\"id-StoryElement-factBox-paragraph\">Wir haben 27 Ausflugstipps in Bayern f\u00fcr Sie zusammengestellt. Ideal f\u00fcr Wochenende, Feiertag oder Kurzurlaub. Unsere \u201eHeimatperlen\u201c bieten Inspiration und Information als praktischen Download, optimiert f\u00fcr die Nutzung auf Smartphone, Tablet oder als Ausdruck. <\/p>\n<p class=\"id-StoryElement-factBox-paragraph\"><a href=\"https:\/\/www.merkur.de\/sub\/elibrary\/product\/8a28fb6d96a4a2c00196ab060ad15c08\" target=\"_blank\" class=\"id-import-Link--action id-pageApi-Link--externalDomain\" data-id-ec=\"{&quot;sht&quot;:&quot;Container&quot;,&quot;shn&quot;:&quot;Story&quot;,&quot;p&quot;:{&quot;containerType&quot;:&quot;FactBox&quot;,&quot;displayType&quot;:&quot;FactBox InlineLink&quot;,&quot;type&quot;:&quot;INLINE_LINK&quot;,&quot;value&quot;:&quot;Laden Sie sich HIER die &#x201E;Heimatperlen&#x201C; Bayerns kostenlos herunter.&quot;,&quot;variant&quot;:&quot;callToAction&quot;,&quot;sponsored&quot;:false,&quot;linkHref&quot;:&quot;https:\/\/www.merkur.de\/sub\/elibrary\/product\/8a28fb6d96a4a2c00196ab060ad15c08&quot;,&quot;storyElementPosition&quot;:27,&quot;storyElementCount&quot;:29}}\" data-id-av=\"{&quot;sht&quot;:&quot;Container&quot;,&quot;shn&quot;:&quot;Story&quot;,&quot;p&quot;:{&quot;containerType&quot;:&quot;FactBox&quot;,&quot;displayType&quot;:&quot;FactBox InlineLink&quot;,&quot;type&quot;:&quot;INLINE_LINK&quot;,&quot;value&quot;:&quot;Laden Sie sich HIER die &#x201E;Heimatperlen&#x201C; Bayerns kostenlos herunter.&quot;,&quot;variant&quot;:&quot;callToAction&quot;,&quot;sponsored&quot;:false,&quot;linkHref&quot;:&quot;https:\/\/www.merkur.de\/sub\/elibrary\/product\/8a28fb6d96a4a2c00196ab060ad15c08&quot;,&quot;storyElementPosition&quot;:27,&quot;storyElementCount&quot;:29}}\" rel=\"noopener\">Laden Sie sich HIER die \u201eHeimatperlen\u201c Bayerns kostenlos herunter.<\/a><\/p>\n<p><img decoding=\"async\" class=\"id-RatioPlaceholder-element wv_story_el_image\" src=\"https:\/\/www.europesays.com\/de\/wp-content\/uploads\/2025\/12\/1766264960_725_38195771-entdecken-sie-bayerns-heimatperlen-mit-unserem-kostenlosen-ausflugsratgeber-P2BG.jpg\" loading=\"lazy\"   height=\"619\" width=\"1100\" alt=\"Entdecken Sie Bayerns Heimatperlen mit unserem kostenlosen Ausflugsratgeber.\"\/>Entdecken Sie Bayerns Heimatperlen mit unserem kostenlosen Ausflugsratgeber. \u00a9\u00a0IPPEN.MEDIA\/Imago Images\/Westend61<\/p>\n<p class=\"id-StoryElement-paragraph\">\u201eIn M\u00fcnchen haben wir einen guten Kompromiss gefunden, der dem Wunsch des Handels nach l\u00e4ngeren \u00d6ffnungszeiten gerecht wird, aber auch die Belange der Gewerkschaften und Kirchen ber\u00fccksichtigt\u201c, erkl\u00e4rt Kreisverwaltungsreferentin Dr. Hanna Samm\u00fcller. Nach einem Jahr praktischer Erfahrung soll die Ladenschlussverordnung auf ihre Wirksamkeit hin \u00fcberpr\u00fcft und gegebenenfalls angepasst werden. (Quelle: Stadt M\u00fcnchen)<\/p>\n","protected":false},"excerpt":{"rendered":"tz M\u00fcnchen Stadt Stand: 22.12.2025, 04:46 Uhr Von: Elisa Buhrke DruckenTeilen Ab 2026 k\u00f6nnen M\u00fcnchner an mehreren Terminen&hellip;\n","protected":false},"author":2,"featured_media":656921,"comment_status":"","ping_status":"","sticky":false,"template":"","format":"standard","meta":{"footnotes":""},"categories":[1827],"tags":[772,29,30,1268],"class_list":{"0":"post-663675","1":"post","2":"type-post","3":"status-publish","4":"format-standard","5":"has-post-thumbnail","7":"category-muenchen","8":"tag-bayern","9":"tag-deutschland","10":"tag-germany","11":"tag-muenchen"},"share_on_mastodon":{"url":"https:\/\/pubeurope.com\/@de\/115761481870786233","error":""},"_links":{"self":[{"href":"https:\/\/www.europesays.com\/de\/wp-json\/wp\/v2\/posts\/663675","targetHints":{"allow":["GET"]}}],"collection":[{"href":"https:\/\/www.europesays.com\/de\/wp-json\/wp\/v2\/posts"}],"about":[{"href":"https:\/\/www.europesays.com\/de\/wp-json\/wp\/v2\/types\/post"}],"author":[{"embeddable":true,"href":"https:\/\/www.europesays.com\/de\/wp-json\/wp\/v2\/users\/2"}],"replies":[{"embeddable":true,"href":"https:\/\/www.europesays.com\/de\/wp-json\/wp\/v2\/comments?post=663675"}],"version-history":[{"count":0,"href":"https:\/\/www.europesays.com\/de\/wp-json\/wp\/v2\/posts\/663675\/revisions"}],"wp:featuredmedia":[{"embeddable":true,"href":"https:\/\/www.europesays.com\/de\/wp-json\/wp\/v2\/media\/656921"}],"wp:attachment":[{"href":"https:\/\/www.europesays.com\/de\/wp-json\/wp\/v2\/media?parent=663675"}],"wp:term":[{"taxonomy":"category","embeddable":true,"href":"https:\/\/www.europesays.com\/de\/wp-json\/wp\/v2\/categories?post=663675"},{"taxonomy":"post_tag","embeddable":true,"href":"https:\/\/www.europesays.com\/de\/wp-json\/wp\/v2\/tags?post=663675"}],"curies":[{"name":"wp","href":"https:\/\/api.w.org\/{rel}","templated":true}]}}