{"id":663682,"date":"2025-12-22T05:09:18","date_gmt":"2025-12-22T05:09:18","guid":{"rendered":"https:\/\/www.europesays.com\/de\/663682\/"},"modified":"2025-12-22T05:09:18","modified_gmt":"2025-12-22T05:09:18","slug":"putin-will-ploetzlich-mit-macron-reden-paris-reagiert","status":"publish","type":"post","link":"https:\/\/www.europesays.com\/de\/663682\/","title":{"rendered":"Putin will pl\u00f6tzlich mit Macron reden \u2013Paris reagiert"},"content":{"rendered":"<p>Weber: Putin muss f\u00fcr Schaden in der Ukraine geradestehen<\/p>\n<p>Der Partei- und Fraktionschef der europ\u00e4ischen Christdemokraten, Manfred Weber, hat die Ukraine-Beschl\u00fcsse des Br\u00fcsseler EU-Gipfels gegen Kritik verteidigt. \u201eIch sehe eine Europ\u00e4ische Union, die den klaren Willen zeigt, die Ukraine zu st\u00fctzen\u201c, sagte der CSU-Politiker dieser Redaktion. \u201eF\u00fcr die Ukraine ist das moralische Signal fast noch wichtiger als das finanzielle.\u201c<\/p>\n<p>Die Europ\u00e4ische Union entscheide, was mit den eingefrorenen 210 Milliarden Euro aus Russland geschehe. \u201eWir haben das in unserer Hand\u2019, betonte Weber. \u201eWenn es zum Friedensschluss kommt, muss Putin f\u00fcr den Schaden geradestehen, den er in der Ukraine angerichtet hat.\u201c<\/p>\n<p>Auf die Nachfrage, ob er wirklich an russische Reparationszahlungen glaube, sagte der EVP-Chef: \u201eDas wird Teil der gro\u00dfen Gespr\u00e4che sein. Aber wir haben mit den 210 Milliarden, die in Europa eingefroren sind, ein starkes Instrument in der Hand.\u201c<\/p>\n","protected":false},"excerpt":{"rendered":"Weber: Putin muss f\u00fcr Schaden in der Ukraine geradestehen Der Partei- und Fraktionschef der europ\u00e4ischen Christdemokraten, Manfred Weber,&hellip;\n","protected":false},"author":2,"featured_media":663683,"comment_status":"","ping_status":"","sticky":false,"template":"","format":"standard","meta":{"footnotes":""},"categories":[1825],"tags":[1941,1939,296,1937,29,30,1940,1938],"class_list":{"0":"post-663682","1":"post","2":"type-post","3":"status-publish","4":"format-standard","5":"has-post-thumbnail","7":"category-berlin","8":"tag-aktuelle-nachrichten-aus-berlin","9":"tag-aktuelle-news-aus-berlin","10":"tag-berlin","11":"tag-berlin-news","12":"tag-deutschland","13":"tag-germany","14":"tag-nachrichten-aus-berlin","15":"tag-news-aus-berlin"},"share_on_mastodon":{"url":"https:\/\/pubeurope.com\/@de\/115761496970240016","error":""},"_links":{"self":[{"href":"https:\/\/www.europesays.com\/de\/wp-json\/wp\/v2\/posts\/663682","targetHints":{"allow":["GET"]}}],"collection":[{"href":"https:\/\/www.europesays.com\/de\/wp-json\/wp\/v2\/posts"}],"about":[{"href":"https:\/\/www.europesays.com\/de\/wp-json\/wp\/v2\/types\/post"}],"author":[{"embeddable":true,"href":"https:\/\/www.europesays.com\/de\/wp-json\/wp\/v2\/users\/2"}],"replies":[{"embeddable":true,"href":"https:\/\/www.europesays.com\/de\/wp-json\/wp\/v2\/comments?post=663682"}],"version-history":[{"count":0,"href":"https:\/\/www.europesays.com\/de\/wp-json\/wp\/v2\/posts\/663682\/revisions"}],"wp:featuredmedia":[{"embeddable":true,"href":"https:\/\/www.europesays.com\/de\/wp-json\/wp\/v2\/media\/663683"}],"wp:attachment":[{"href":"https:\/\/www.europesays.com\/de\/wp-json\/wp\/v2\/media?parent=663682"}],"wp:term":[{"taxonomy":"category","embeddable":true,"href":"https:\/\/www.europesays.com\/de\/wp-json\/wp\/v2\/categories?post=663682"},{"taxonomy":"post_tag","embeddable":true,"href":"https:\/\/www.europesays.com\/de\/wp-json\/wp\/v2\/tags?post=663682"}],"curies":[{"name":"wp","href":"https:\/\/api.w.org\/{rel}","templated":true}]}}