{"id":663711,"date":"2025-12-22T05:27:14","date_gmt":"2025-12-22T05:27:14","guid":{"rendered":"https:\/\/www.europesays.com\/de\/663711\/"},"modified":"2025-12-22T05:27:14","modified_gmt":"2025-12-22T05:27:14","slug":"bka-zaehlt-mehr-als-tausend-verdaechtige-drohnenfluege-in-deutschland","status":"publish","type":"post","link":"https:\/\/www.europesays.com\/de\/663711\/","title":{"rendered":"BKA z\u00e4hlt mehr als tausend verd\u00e4chtige Drohnenfl\u00fcge in Deutschland"},"content":{"rendered":"<p>            <img loading=\"lazy\" decoding=\"async\" class=\"ts-image\" src=\"https:\/\/www.europesays.com\/de\/wp-content\/uploads\/2025\/12\/drohnen-flugverkehr-100.jpg\" alt=\"Eine Drohne fliegt am Himmel, im Hintergrund verschwommen ein Flugzeug.\" title=\"Eine Drohne fliegt am Himmel, im Hintergrund verschwommen ein Flugzeug. | dpa\"\/><\/p>\n<p class=\"metatextline\">Stand: 22.12.2025 03:36 Uhr<\/p>\n<p class=\"article-head__shorttext\">\n        <strong>Im Jahr 2025 hat das Bundeskriminalamt in 2025 \u00fcber Deutschland mehr als 1.000 verd\u00e4chtige Drohnenfl\u00fcge registriert. Das erstmals erstellte Lagebild zeigt laut Pr\u00e4sident M\u00fcnch auch: Die Akteure dahinter sind schwierig zu ermitteln. <\/strong>\n    <\/p>\n<p class=\"textabsatz m-ten m-offset-one l-eight l-offset-two columns twelve\">\u200dDas Bundeskriminalamt (BKA) hat \u200bbis Mitte Dezember 2025 mehr als 1.000 verd\u00e4chtige Drohnenfl\u00fcge \u00fcber Deutschland \u2060erfasst. &#8222;Am meisten betroffen sind bei uns milit\u00e4rische Einrichtungen, Flugh\u00e4fen, aber auch andere kritische Infrastrukturen &#8211; etwa R\u00fcstungsunternehmen oder Hafenanlagen&#8220;, sagte BKA-Pr\u00e4sident Holger M\u00fcnch gegen\u00fcber der <a href=\"https:\/\/www.bild.de\/politik\/inland\/holger-muench-nicht-jede-drohne-ist-ein-liebesgruss-aus-moskau-6944271d60138990784c1b5c\" title=\"BKA-Pr\u00e4sident M\u00fcnch im Bild-Interview\" class=\"textlink--extern js-link-dialog\" rel=\"noopener noreferrer\" target=\"_blank\" data-type=\"external\">Bild-Zeitung<\/a>.<\/p>\n<p class=\"textabsatz m-ten m-offset-one l-eight l-offset-two columns twelve\">Die Zahl geht demnach aus einem erstmals erstellten internen Bundeslagebild zur Gef\u00e4hrdung durch das &#8222;Tatmittel Drohnen&#8220; hervor, das der Zeitung vorliegt.\u00a0&#8222;Wir f\u00fchren seit Anfang des Jahres ein sogenanntes Lagebild mit allen Daten von Verdachtsf\u00e4llen, beziehen auch die Bundeswehr mit ein&#8220;, sagte M\u00fcnch.<\/p>\n<p>    Unklar, wer dahintersteckt<\/p>\n<p class=\"textabsatz m-ten m-offset-one l-eight l-offset-two columns twelve\">Der BKA-Pr\u00e4sident sprach von einer &#8222;ausgepr\u00e4gten Gefahrenlage&#8220;. Neben psychologischen Effekten k\u00f6nnten die Drohnenfl\u00fcge auch der Informationsgewinnung dienen. Auf die Frage, ob diese Drohnen immer auf russische Akteure zur\u00fcckzuf\u00fchren seien, sagte M\u00fcnch: &#8222;Das wissen wir nicht mit hundertprozentiger Sicherheit.&#8220; Das liege auch an der Schwierigkeit, die Drohnenpiloten fassen und befragen zu k\u00f6nnen.<\/p>\n<p class=\"textabsatz m-ten m-offset-one l-eight l-offset-two columns twelve\">Bund und L\u00e4nder hatten vergangene Woche in Berlin ein <a href=\"https:\/\/www.tagesschau.de\/inland\/innenpolitik\/drohnenabwehrzentrum-104.html\" title=\"Drohnenabwehrzentrum in Berlin er\u00f6ffnet\" target=\"_blank\" rel=\"noopener\">Gemeinsames Drohnenabwehrzentrum<\/a> (GDAZ) eingeweiht, um unerlaubt fliegende Drohnen besser zu erkennen und unsch\u00e4dlich machen zu k\u00f6nnen. Der Arbeitsbetrieb soll im Januar aufgenommen werden.\u00a0Anfang des Monats hatte die Bundespolizei bereits <a href=\"https:\/\/www.tagesschau.de\/inland\/innenpolitik\/polizei-drohnenabwehr-100.html\" title=\"Neue Einheit f\u00fcr Drohnenabwehr bei der Bundespolizei\" target=\"_blank\" rel=\"noopener\">eine Drohnenabwehr-Einheit<\/a> bekommen, die bald 130 Spezialkr\u00e4fte umfassen soll.<\/p>\n","protected":false},"excerpt":{"rendered":"Stand: 22.12.2025 03:36 Uhr Im Jahr 2025 hat das Bundeskriminalamt in 2025 \u00fcber Deutschland mehr als 1.000 verd\u00e4chtige&hellip;\n","protected":false},"author":2,"featured_media":663712,"comment_status":"","ping_status":"","sticky":false,"template":"","format":"standard","meta":{"footnotes":""},"categories":[5],"tags":[422,10068,13,14,15,12,10,8,9,11],"class_list":{"0":"post-663711","1":"post","2":"type-post","3":"status-publish","4":"format-standard","5":"has-post-thumbnail","7":"category-nachrichten","8":"tag-bka","9":"tag-drohnen","10":"tag-headlines","11":"tag-nachrichten","12":"tag-news","13":"tag-schlagzeilen","14":"tag-top-news","15":"tag-top-meldungen","16":"tag-topmeldungen","17":"tag-topnews"},"share_on_mastodon":{"url":"https:\/\/pubeurope.com\/@de\/115761568119069344","error":""},"_links":{"self":[{"href":"https:\/\/www.europesays.com\/de\/wp-json\/wp\/v2\/posts\/663711","targetHints":{"allow":["GET"]}}],"collection":[{"href":"https:\/\/www.europesays.com\/de\/wp-json\/wp\/v2\/posts"}],"about":[{"href":"https:\/\/www.europesays.com\/de\/wp-json\/wp\/v2\/types\/post"}],"author":[{"embeddable":true,"href":"https:\/\/www.europesays.com\/de\/wp-json\/wp\/v2\/users\/2"}],"replies":[{"embeddable":true,"href":"https:\/\/www.europesays.com\/de\/wp-json\/wp\/v2\/comments?post=663711"}],"version-history":[{"count":0,"href":"https:\/\/www.europesays.com\/de\/wp-json\/wp\/v2\/posts\/663711\/revisions"}],"wp:featuredmedia":[{"embeddable":true,"href":"https:\/\/www.europesays.com\/de\/wp-json\/wp\/v2\/media\/663712"}],"wp:attachment":[{"href":"https:\/\/www.europesays.com\/de\/wp-json\/wp\/v2\/media?parent=663711"}],"wp:term":[{"taxonomy":"category","embeddable":true,"href":"https:\/\/www.europesays.com\/de\/wp-json\/wp\/v2\/categories?post=663711"},{"taxonomy":"post_tag","embeddable":true,"href":"https:\/\/www.europesays.com\/de\/wp-json\/wp\/v2\/tags?post=663711"}],"curies":[{"name":"wp","href":"https:\/\/api.w.org\/{rel}","templated":true}]}}