{"id":663718,"date":"2025-12-22T05:32:19","date_gmt":"2025-12-22T05:32:19","guid":{"rendered":"https:\/\/www.europesays.com\/de\/663718\/"},"modified":"2025-12-22T05:32:19","modified_gmt":"2025-12-22T05:32:19","slug":"wie-ukrainer-ihr-viertes-weihnachten-in-chemnitz-feiern","status":"publish","type":"post","link":"https:\/\/www.europesays.com\/de\/663718\/","title":{"rendered":"Wie Ukrainer ihr viertes Weihnachten in Chemnitz feiern"},"content":{"rendered":"<p class=\"bold\">\n\t\t\t\t\t\t\t\t\t\tWeihnachten &#8211; f\u00fcr viele ein Fest der Freude, der Familie und der Traditionen. F\u00fcr Ukrainer ist es in diesem Jahr bereits das vierte Weihnachten fern ihrer Heimat. Tausende Kilometer trennen sie von Eltern, Geschwistern und Freunden. Wie erleben sie diese Feiertage in Chemnitz?\t\t\t\t<\/p>\n<p>\t\t\t\t Weihnachten steht vor der T\u00fcr. Alles ist vorbereitet. Die H\u00e4user geschm\u00fcckt, die Geschenke verpackt, die Menschen bereit f\u00fcr das Fest der Liebe und Besinnlichkeit. Doch wie erleben ukrainische Gefl\u00fcchtete diese Tage &#8211; fernab ihrer Heimat und ihrer Liebsten &#8211; das Weihnachtsfest in Chemnitz? Die \u201eFreie Presse\u201c hat mit drei Ukrainerinnen&#8230;<\/p>\n<p>\t\t<img decoding=\"async\" class=\"fp-plus-logo\" src=\"https:\/\/www.freiepresse.de\/img\/fpplus.svg\" alt=\"Freie Presse plus Logo\"\/><\/p>\n<p>Registrieren und testen.<\/p>\n<p>Jetzt mit Ihrer Registrierung 1 Monat gratis testen und alle Beitr\u00e4ge lesen.<\/p>\n<p>Schon Abonnent? Melden Sie sich mit ihren Zugangsdaten an.<\/p>\n","protected":false},"excerpt":{"rendered":"Weihnachten &#8211; f\u00fcr viele ein Fest der Freude, der Familie und der Traditionen. F\u00fcr Ukrainer ist es in&hellip;\n","protected":false},"author":2,"featured_media":663719,"comment_status":"","ping_status":"","sticky":false,"template":"","format":"standard","meta":{"footnotes":""},"categories":[1851],"tags":[2770,3364,29,548,663,3934,30,13,14,15,859,70195,12],"class_list":{"0":"post-663718","1":"post","2":"type-post","3":"status-publish","4":"format-standard","5":"has-post-thumbnail","7":"category-chemnitz","8":"tag-chemnitz","9":"tag-de","10":"tag-deutschland","11":"tag-eu","12":"tag-europa","13":"tag-europe","14":"tag-germany","15":"tag-headlines","16":"tag-nachrichten","17":"tag-news","18":"tag-sachsen","19":"tag-schicksale","20":"tag-schlagzeilen"},"share_on_mastodon":{"url":"","error":""},"_links":{"self":[{"href":"https:\/\/www.europesays.com\/de\/wp-json\/wp\/v2\/posts\/663718","targetHints":{"allow":["GET"]}}],"collection":[{"href":"https:\/\/www.europesays.com\/de\/wp-json\/wp\/v2\/posts"}],"about":[{"href":"https:\/\/www.europesays.com\/de\/wp-json\/wp\/v2\/types\/post"}],"author":[{"embeddable":true,"href":"https:\/\/www.europesays.com\/de\/wp-json\/wp\/v2\/users\/2"}],"replies":[{"embeddable":true,"href":"https:\/\/www.europesays.com\/de\/wp-json\/wp\/v2\/comments?post=663718"}],"version-history":[{"count":0,"href":"https:\/\/www.europesays.com\/de\/wp-json\/wp\/v2\/posts\/663718\/revisions"}],"wp:featuredmedia":[{"embeddable":true,"href":"https:\/\/www.europesays.com\/de\/wp-json\/wp\/v2\/media\/663719"}],"wp:attachment":[{"href":"https:\/\/www.europesays.com\/de\/wp-json\/wp\/v2\/media?parent=663718"}],"wp:term":[{"taxonomy":"category","embeddable":true,"href":"https:\/\/www.europesays.com\/de\/wp-json\/wp\/v2\/categories?post=663718"},{"taxonomy":"post_tag","embeddable":true,"href":"https:\/\/www.europesays.com\/de\/wp-json\/wp\/v2\/tags?post=663718"}],"curies":[{"name":"wp","href":"https:\/\/api.w.org\/{rel}","templated":true}]}}