{"id":663751,"date":"2025-12-22T05:50:17","date_gmt":"2025-12-22T05:50:17","guid":{"rendered":"https:\/\/www.europesays.com\/de\/663751\/"},"modified":"2025-12-22T05:50:17","modified_gmt":"2025-12-22T05:50:17","slug":"steve-witkoff-findet-lobende-worte-fuer-den-kreml","status":"publish","type":"post","link":"https:\/\/www.europesays.com\/de\/663751\/","title":{"rendered":"Steve Witkoff findet lobende Worte f\u00fcr den Kreml"},"content":{"rendered":"<p class=\"text-18 leading-17\">Nach Angaben des Milit\u00e4rs \u00fcberquerten russische Truppen am Samstag mit \u00fcberlegenen Kr\u00e4ften die Grenze bei Hrabowske, das rund 350 Kilometer \u00f6stlich von <a class=\"transition-colors duration-200 cursor-pointer text-inherit no-underline text-salemsfur md:hover:text-magenta md:hover:border-magenta md:focus:text-magenta border-current border-b border-solid break-words\" href=\"https:\/\/www.t-online.de\/themen\/kiew\/\" data-sctrack=\"BodyAnchor\" target=\"_blank\" rel=\"noopener\">Kiew<\/a> liegt. Infolge des Angriffs seien ukrainische Einheiten zeitweise von einzelnen Positionen abger\u00fcckt. Gleichzeitig betonten die Streitkr\u00e4fte, es gebe keine Anzeichen f\u00fcr einen gr\u00f6\u00dferen Durchbruch. Best\u00e4tigt wurde hingegen, dass russische Soldaten mehr als 50 Zivilisten aus Hrabowske nach Russland gebracht haben sollen. Dabei handele es sich \u00fcberwiegend um \u00e4ltere M\u00e4nner und Frauen. Unabh\u00e4ngig \u00fcberpr\u00fcfen lassen sich die Angaben nicht.<\/p>\n<p class=\"text-18 leading-17\">Die Nato kann sich nach Einsch\u00e4tzung ihres Generalsekret\u00e4rs Mark Rutte im Ernstfall auf die USA verlassen \u2013 auch unter Pr\u00e4sident <a class=\"transition-colors duration-200 cursor-pointer text-inherit no-underline text-salemsfur md:hover:text-magenta md:hover:border-magenta md:focus:text-magenta border-current border-b border-solid break-words\" href=\"https:\/\/www.t-online.de\/themen\/donald-trump\/\" data-sctrack=\"BodyAnchor\" target=\"_blank\" rel=\"noopener\">Donald Trump<\/a>. &#8222;Trump hat sich klar zur Nato bekannt \u2013 aber auch die klare Erwartung, dass wir unsere Ausgaben deutlich steigern. Und wir setzen das um&#8220;, sagte Rutte der &#8222;Bild am Sonntag&#8220;. Die Europ\u00e4er \u00fcbern\u00e4hmen Verantwortung mit der &#8222;Koalition der Willigen&#8220; f\u00fcr die Ukraine, und sie sch\u00fctzten die Ostflanke, das Baltikum. &#8222;Die USA haben klar gesagt, dass sie in Europa engagiert bleiben \u2013 nuklear wie konventionell. Ein Abzug aus Europa steht nicht zur Debatte.&#8220;<\/p>\n<p class=\"text-18 leading-17\">Rutte lobte Trumps Bem\u00fchungen, den nun seit fast vier Jahren andauernden Krieg Russlands gegen die Ukraine zu beenden. &#8222;Trump ist in dieser Frage absolut engagiert. Er ist darauf fokussiert, diesen Krieg zu beenden&#8220;, sagte der Nato-Chef. Trump sei der Einzige, der Kremlchef Wladimir Putin an den Verhandlungstisch habe bringen k\u00f6nnen \u2013 und der Einzige, der Putin am Ende zu einem Friedensschluss zwingen k\u00f6nne. &#8222;Daf\u00fcr zolle ich ihm gro\u00dfen Respekt.&#8220; Rutte wandte sich auch gegen Bef\u00fcrchtungen, die USA k\u00f6nnten ihre Unterst\u00fctzung der Ukraine einstellen.<\/p>\n","protected":false},"excerpt":{"rendered":"Nach Angaben des Milit\u00e4rs \u00fcberquerten russische Truppen am Samstag mit \u00fcberlegenen Kr\u00e4ften die Grenze bei Hrabowske, das rund&hellip;\n","protected":false},"author":2,"featured_media":663752,"comment_status":"","ping_status":"","sticky":false,"template":"","format":"standard","meta":{"footnotes":""},"categories":[4012],"tags":[132921,1217,326,6079,522,331,332,2294,31,8331,106,663,775,974,25238,13,154603,154891,27713,5793,154861,6738,5020,4543,17580,451,308,14,1159,15,3129,154604,307,12,8645,14564,11904,317,312,64,320,112,306,107],"class_list":{"0":"post-663751","1":"post","2":"type-post","3":"status-publish","4":"format-standard","5":"has-post-thumbnail","7":"category-ukraine","8":"tag-132921","9":"tag-1217","10":"tag-326","11":"tag-6079","12":"tag-522","13":"tag-aktuelle-nachrichten","14":"tag-aktuelle-news","15":"tag-bank","16":"tag-cdu","17":"tag-dmitri-peskow","18":"tag-donald-trump","19":"tag-europa","20":"tag-friedrich-merz","21":"tag-goldman-sachs","22":"tag-guenter-sautter","23":"tag-headlines","24":"tag-hrabowske","25":"tag-jeff-landry","26":"tag-juri-uschakow","27":"tag-kiew","28":"tag-kirill-dmitriev","29":"tag-kirill-dmitrijew","30":"tag-kreml","31":"tag-mark-rutte","32":"tag-miami","33":"tag-militaer","34":"tag-moskau","35":"tag-nachrichten","36":"tag-nato","37":"tag-news","38":"tag-newsblog","39":"tag-rjasne","40":"tag-russland","41":"tag-schlagzeilen","42":"tag-st-petersburg","43":"tag-steve-witkoff","44":"tag-sumy","45":"tag-ukraine","46":"tag-ukrainekrieg","47":"tag-usa","48":"tag-washington","49":"tag-wladimir","50":"tag-wladimir-putin","51":"tag-wolodymyr-selenskyj"},"share_on_mastodon":{"url":"","error":"Validation failed: Text character limit of 500 exceeded"},"_links":{"self":[{"href":"https:\/\/www.europesays.com\/de\/wp-json\/wp\/v2\/posts\/663751","targetHints":{"allow":["GET"]}}],"collection":[{"href":"https:\/\/www.europesays.com\/de\/wp-json\/wp\/v2\/posts"}],"about":[{"href":"https:\/\/www.europesays.com\/de\/wp-json\/wp\/v2\/types\/post"}],"author":[{"embeddable":true,"href":"https:\/\/www.europesays.com\/de\/wp-json\/wp\/v2\/users\/2"}],"replies":[{"embeddable":true,"href":"https:\/\/www.europesays.com\/de\/wp-json\/wp\/v2\/comments?post=663751"}],"version-history":[{"count":0,"href":"https:\/\/www.europesays.com\/de\/wp-json\/wp\/v2\/posts\/663751\/revisions"}],"wp:featuredmedia":[{"embeddable":true,"href":"https:\/\/www.europesays.com\/de\/wp-json\/wp\/v2\/media\/663752"}],"wp:attachment":[{"href":"https:\/\/www.europesays.com\/de\/wp-json\/wp\/v2\/media?parent=663751"}],"wp:term":[{"taxonomy":"category","embeddable":true,"href":"https:\/\/www.europesays.com\/de\/wp-json\/wp\/v2\/categories?post=663751"},{"taxonomy":"post_tag","embeddable":true,"href":"https:\/\/www.europesays.com\/de\/wp-json\/wp\/v2\/tags?post=663751"}],"curies":[{"name":"wp","href":"https:\/\/api.w.org\/{rel}","templated":true}]}}