{"id":663761,"date":"2025-12-22T05:58:13","date_gmt":"2025-12-22T05:58:13","guid":{"rendered":"https:\/\/www.europesays.com\/de\/663761\/"},"modified":"2025-12-22T05:58:13","modified_gmt":"2025-12-22T05:58:13","slug":"schwerer-verkehrsunfall-fordert-drei-tote-darunter-ein-kleinkind","status":"publish","type":"post","link":"https:\/\/www.europesays.com\/de\/663761\/","title":{"rendered":"Schwerer Verkehrsunfall fordert drei Tote \u2013 darunter ein Kleinkind"},"content":{"rendered":"<p class=\"expressive-copy-lg-body\">Bei einem schweren Verkehrsunfall s\u00fcdlich von N\u00fcrnberg sind laut Polizeiangaben drei Menschen ums Leben gekommen. Unter den Toten sei ein vierj\u00e4hriges Kind. <\/p>\n<p class=\"expressive-copy-lg-body\">Nach bisherigen Erkenntnissen befuhr ein Autofahrer gegen 16 Uhr die B2 in Richtung Wei\u00dfenburg. Zwischen den Anschlussstellen Pleinfeld Nord und Pleinfeld S\u00fcd stand zu diesem Zeitpunkt ein Abschleppwagen mit einem Pannenfahrzeug auf dem Standstreifen. Beim Fahrstreifenwechsel auf die \u00dcberholspur, vermutlich wegen des stehenden Fahrzeugs, kam es zu einer folgenschweren Kollision: Ein Skoda, der ebenfalls auf der \u00dcberholspur unterwegs war, geriet aus bislang ungekl\u00e4rter Ursache in den Gegenverkehr und prallte frontal mit einem entgegenkommenden Mercedes zusammen.<\/p>\n<p>Drei Todesopfer nach Unfall \u2013 zwei Schwerverletzte per Hubschrauber ins Krankenhaus<\/p>\n<p class=\"expressive-copy-lg-body\">Im Skoda sa\u00dfen f\u00fcnf Personen, darunter zwei Frauen im Alter von 28 und 36 Jahren sowie ein vierj\u00e4hriges Kind, die noch an der Unfallstelle ihren schweren Verletzungen erlagen. Zwei weitere Insassen \u2013 eine erwachsene Frau und ein weiteres Kleinkind \u2013 wurden per Hubschrauber mit schweren Verletzungen ins Krankenhaus geflogen. Die Fahrerin des Mercedes war allein im Wagen und wurde ebenfalls verletzt.<\/p>\n<p>  Weitere Auffahrunf\u00e4lle nach Hauptunfall auf B2 \u2013 Strecke voll gesperrt<\/p>\n<p class=\"expressive-copy-lg-body\">Im Nachgang kam es in einiger Entfernung zum eigentlichen Unfallort zu weiteren Auffahrunf\u00e4llen mit zwei beteiligten Fahrzeugen. Nach bisherigen Informationen wurden dabei jedoch keine weiteren Personen schwer verletzt.<\/p>\n<p class=\"expressive-copy-lg-body\">Die Polizei Wei\u00dfenburg sicherte die Unfallstelle und begann mit den Ermittlungen. Ein Gutachter wurde auf Anordnung der Staatsanwaltschaft hinzugezogen. Die B2 ist weiterhin in beide Richtungen voll gesperrt.<\/p>\n<p rel=\"author\" class=\"text-brand\">ots\/dpa\/pau<\/p>\n","protected":false},"excerpt":{"rendered":"Bei einem schweren Verkehrsunfall s\u00fcdlich von N\u00fcrnberg sind laut Polizeiangaben drei Menschen ums Leben gekommen. Unter den Toten&hellip;\n","protected":false},"author":2,"featured_media":663762,"comment_status":"","ping_status":"","sticky":false,"template":"","format":"standard","meta":{"footnotes":""},"categories":[5],"tags":[331,332,3364,29,30,13,14,15,12],"class_list":{"0":"post-663761","1":"post","2":"type-post","3":"status-publish","4":"format-standard","5":"has-post-thumbnail","7":"category-nachrichten","8":"tag-aktuelle-nachrichten","9":"tag-aktuelle-news","10":"tag-de","11":"tag-deutschland","12":"tag-germany","13":"tag-headlines","14":"tag-nachrichten","15":"tag-news","16":"tag-schlagzeilen"},"share_on_mastodon":{"url":"https:\/\/pubeurope.com\/@de\/115761689746045783","error":""},"_links":{"self":[{"href":"https:\/\/www.europesays.com\/de\/wp-json\/wp\/v2\/posts\/663761","targetHints":{"allow":["GET"]}}],"collection":[{"href":"https:\/\/www.europesays.com\/de\/wp-json\/wp\/v2\/posts"}],"about":[{"href":"https:\/\/www.europesays.com\/de\/wp-json\/wp\/v2\/types\/post"}],"author":[{"embeddable":true,"href":"https:\/\/www.europesays.com\/de\/wp-json\/wp\/v2\/users\/2"}],"replies":[{"embeddable":true,"href":"https:\/\/www.europesays.com\/de\/wp-json\/wp\/v2\/comments?post=663761"}],"version-history":[{"count":0,"href":"https:\/\/www.europesays.com\/de\/wp-json\/wp\/v2\/posts\/663761\/revisions"}],"wp:featuredmedia":[{"embeddable":true,"href":"https:\/\/www.europesays.com\/de\/wp-json\/wp\/v2\/media\/663762"}],"wp:attachment":[{"href":"https:\/\/www.europesays.com\/de\/wp-json\/wp\/v2\/media?parent=663761"}],"wp:term":[{"taxonomy":"category","embeddable":true,"href":"https:\/\/www.europesays.com\/de\/wp-json\/wp\/v2\/categories?post=663761"},{"taxonomy":"post_tag","embeddable":true,"href":"https:\/\/www.europesays.com\/de\/wp-json\/wp\/v2\/tags?post=663761"}],"curies":[{"name":"wp","href":"https:\/\/api.w.org\/{rel}","templated":true}]}}