{"id":663788,"date":"2025-12-22T06:17:16","date_gmt":"2025-12-22T06:17:16","guid":{"rendered":"https:\/\/www.europesays.com\/de\/663788\/"},"modified":"2025-12-22T06:17:16","modified_gmt":"2025-12-22T06:17:16","slug":"leser-ueber-moeglichen-drogenkonsumraum-im-kreuzviertel","status":"publish","type":"post","link":"https:\/\/www.europesays.com\/de\/663788\/","title":{"rendered":"Leser \u00fcber m\u00f6glichen Drogenkonsumraum im Kreuzviertel"},"content":{"rendered":"<p>\t\t\u201eAbwertung&#8220; oder \u201eHilfe&#8220;?<br \/>\n\t\t\t\t\tLeser-Reaktionen auf Drogenkonsumraum-Vorschlag im Kreuzviertel<\/p>\n<p>    <a href=\"https:\/\/www.ruhrnachrichten.de\/wp-content\/uploads\/2025\/12\/21\/15\/630_0900_5512841_-1648x824.jpg\" rel=\"nofollow noopener\" target=\"_blank\"><\/p>\n<p>            <img decoding=\"async\" fetchpriority=\"high\" src=\"https:\/\/www.europesays.com\/de\/wp-content\/uploads\/2025\/12\/630_0900_5512838_-640x428.jpg\" width=\"640\" height=\"428\"  alt=\"\"\/><\/p>\n<p>    <\/a><br \/>\n    In der j\u00fcngsten Ratsdebatte gab es einen ungew\u00f6hnlichen Vorschlag zum Thema Drogenkonsumraum &#8211; Leser diskutieren dar\u00fcber. Hier die bestehende EInrichtung in der City. \u00a9 Schaper (Archiv)<\/p>\n<p class=\"article__teaser-text\">Ein CDU-Ratsherr bringt einen Drogenkonsumraum im Kreuzviertel ins Spiel \u2013 und l\u00f6st heftige Reaktionen aus. Das sagen unsere Leser.<\/p>\n<p>3 Min Lesezeit<\/p>\n<p>Angst vor Abwertung des KreuzviertelsKritik am KonzeptSolidarit\u00e4t oder Stigmatisierung?Forderung nach ZahlenWas Drogenkonsumr\u00e4ume leisten \u2013 und was nichtEine Debatte \u00fcber mehr als nur einen Standort<\/p>\n","protected":false},"excerpt":{"rendered":"\u201eAbwertung&#8220; oder \u201eHilfe&#8220;? Leser-Reaktionen auf Drogenkonsumraum-Vorschlag im Kreuzviertel In der j\u00fcngsten Ratsdebatte gab es einen ungew\u00f6hnlichen Vorschlag zum&hellip;\n","protected":false},"author":2,"featured_media":663789,"comment_status":"","ping_status":"","sticky":false,"template":"","format":"standard","meta":{"footnotes":""},"categories":[1833],"tags":[3364,29,217,28929,30,3648,1209],"class_list":{"0":"post-663788","1":"post","2":"type-post","3":"status-publish","4":"format-standard","5":"has-post-thumbnail","7":"category-dortmund","8":"tag-de","9":"tag-deutschland","10":"tag-dortmund","11":"tag-drogenkonsumraum","12":"tag-germany","13":"tag-lokalpolitik","14":"tag-nordrhein-westfalen"},"share_on_mastodon":{"url":"https:\/\/pubeurope.com\/@de\/115761765197045579","error":""},"_links":{"self":[{"href":"https:\/\/www.europesays.com\/de\/wp-json\/wp\/v2\/posts\/663788","targetHints":{"allow":["GET"]}}],"collection":[{"href":"https:\/\/www.europesays.com\/de\/wp-json\/wp\/v2\/posts"}],"about":[{"href":"https:\/\/www.europesays.com\/de\/wp-json\/wp\/v2\/types\/post"}],"author":[{"embeddable":true,"href":"https:\/\/www.europesays.com\/de\/wp-json\/wp\/v2\/users\/2"}],"replies":[{"embeddable":true,"href":"https:\/\/www.europesays.com\/de\/wp-json\/wp\/v2\/comments?post=663788"}],"version-history":[{"count":0,"href":"https:\/\/www.europesays.com\/de\/wp-json\/wp\/v2\/posts\/663788\/revisions"}],"wp:featuredmedia":[{"embeddable":true,"href":"https:\/\/www.europesays.com\/de\/wp-json\/wp\/v2\/media\/663789"}],"wp:attachment":[{"href":"https:\/\/www.europesays.com\/de\/wp-json\/wp\/v2\/media?parent=663788"}],"wp:term":[{"taxonomy":"category","embeddable":true,"href":"https:\/\/www.europesays.com\/de\/wp-json\/wp\/v2\/categories?post=663788"},{"taxonomy":"post_tag","embeddable":true,"href":"https:\/\/www.europesays.com\/de\/wp-json\/wp\/v2\/tags?post=663788"}],"curies":[{"name":"wp","href":"https:\/\/api.w.org\/{rel}","templated":true}]}}