{"id":663790,"date":"2025-12-22T06:18:20","date_gmt":"2025-12-22T06:18:20","guid":{"rendered":"https:\/\/www.europesays.com\/de\/663790\/"},"modified":"2025-12-22T06:18:20","modified_gmt":"2025-12-22T06:18:20","slug":"kein-rattengift-mehr-im-baumarkt-folgen-fuer-dortmund-erklaert","status":"publish","type":"post","link":"https:\/\/www.europesays.com\/de\/663790\/","title":{"rendered":"Kein Rattengift mehr im Baumarkt: Folgen f\u00fcr Dortmund erkl\u00e4rt"},"content":{"rendered":"<p>\t\tNeues Rattengift-Verbot ab 2026<br \/>\n\t\t\t\t\tWelche Folgen k\u00f6nnte das f\u00fcr Dortmund haben?<\/p>\n<p>\t\t\t\t<a class=\"article-author__name\" href=\"https:\/\/www.ruhrnachrichten.de\/author\/esther-burmann\/\" rel=\"author noopener\" target=\"_blank\">Esther Burmann<\/a><br \/>\n\t\tVolont\u00e4rin<\/p>\n<p>    <a href=\"https:\/\/www.ruhrnachrichten.de\/wp-content\/uploads\/2025\/07\/17\/17\/630_0900_4883171_0714w_Ratten_Luedo_Schuetze_450-1648x824.jpg\" target=\"_blank\" rel=\"noopener\"><\/p>\n<p>            <img loading=\"lazy\" decoding=\"async\" src=\"https:\/\/www.europesays.com\/de\/wp-content\/uploads\/2025\/07\/630_0900_4883170_0714w_Ratten_Luedo_Schuetze_450-640x428.jpg\" width=\"640\" height=\"428\"  alt=\"\"\/><\/p>\n<p>    <\/a><br \/>\n    Ab 2026 d\u00fcrfen Privatpersonen im Baumarkt kein Rattengift mehr kaufen. \u00a9 Stephan Sch\u00fctze<\/p>\n<p class=\"article__teaser-text\">Rattenplage in Dortmund? Ein neues Baumarkt-Giftverbot ab 2026 bringt neue Herausforderungen. M\u00fcllentsorgung und Pr\u00e4vention werden entscheidend f\u00fcr die Bek\u00e4mpfung.<\/p>\n<p>2 Min Lesezeit<\/p>\n<p>Wirksame Rattenbek\u00e4mpfungVorbeugung als Ma\u00dfnahmeProfessionelle Bek\u00e4mpfungBaumarkt-Gift qu\u00e4lt RattenMehr Ratten in Zukunft?Rattenbek\u00e4mpfung f\u00fcr Anwohner<\/p>\n","protected":false},"excerpt":{"rendered":"Neues Rattengift-Verbot ab 2026 Welche Folgen k\u00f6nnte das f\u00fcr Dortmund haben? Esther Burmann Volont\u00e4rin Ab 2026 d\u00fcrfen Privatpersonen&hellip;\n","protected":false},"author":2,"featured_media":277166,"comment_status":"","ping_status":"","sticky":false,"template":"","format":"standard","meta":{"footnotes":""},"categories":[1833],"tags":[3364,29,217,30,1209,14901,13311],"class_list":{"0":"post-663790","1":"post","2":"type-post","3":"status-publish","4":"format-standard","5":"has-post-thumbnail","7":"category-dortmund","8":"tag-de","9":"tag-deutschland","10":"tag-dortmund","11":"tag-germany","12":"tag-nordrhein-westfalen","13":"tag-ratten","14":"tag-tiere-hobby"},"share_on_mastodon":{"url":"https:\/\/pubeurope.com\/@de\/115761770271949180","error":""},"_links":{"self":[{"href":"https:\/\/www.europesays.com\/de\/wp-json\/wp\/v2\/posts\/663790","targetHints":{"allow":["GET"]}}],"collection":[{"href":"https:\/\/www.europesays.com\/de\/wp-json\/wp\/v2\/posts"}],"about":[{"href":"https:\/\/www.europesays.com\/de\/wp-json\/wp\/v2\/types\/post"}],"author":[{"embeddable":true,"href":"https:\/\/www.europesays.com\/de\/wp-json\/wp\/v2\/users\/2"}],"replies":[{"embeddable":true,"href":"https:\/\/www.europesays.com\/de\/wp-json\/wp\/v2\/comments?post=663790"}],"version-history":[{"count":0,"href":"https:\/\/www.europesays.com\/de\/wp-json\/wp\/v2\/posts\/663790\/revisions"}],"wp:featuredmedia":[{"embeddable":true,"href":"https:\/\/www.europesays.com\/de\/wp-json\/wp\/v2\/media\/277166"}],"wp:attachment":[{"href":"https:\/\/www.europesays.com\/de\/wp-json\/wp\/v2\/media?parent=663790"}],"wp:term":[{"taxonomy":"category","embeddable":true,"href":"https:\/\/www.europesays.com\/de\/wp-json\/wp\/v2\/categories?post=663790"},{"taxonomy":"post_tag","embeddable":true,"href":"https:\/\/www.europesays.com\/de\/wp-json\/wp\/v2\/tags?post=663790"}],"curies":[{"name":"wp","href":"https:\/\/api.w.org\/{rel}","templated":true}]}}