{"id":663800,"date":"2025-12-22T06:24:19","date_gmt":"2025-12-22T06:24:19","guid":{"rendered":"https:\/\/www.europesays.com\/de\/663800\/"},"modified":"2025-12-22T06:24:19","modified_gmt":"2025-12-22T06:24:19","slug":"obdachlocher-spendet-pfand-ich-brauche-nichts","status":"publish","type":"post","link":"https:\/\/www.europesays.com\/de\/663800\/","title":{"rendered":"Obdachlocher spendet Pfand &#8211; \u00abIch brauche nichts\u00bb"},"content":{"rendered":"<p>R\u00fchrende Geste <\/p>\n<p>Obdachlocher spendet Pfand &#8211; &#8222;Ich brauche nichts&#8220;<\/p>\n<p>Aktualisiert am 22.12.2025 &#8211; 06:59 UhrLesedauer: 1 Min.<\/p>\n<p><a href=\"#focus-0\" class=\"transition-colors duration-200 block text-current relative\" data-sctrack=\"FocusGalleryImage.Reference\"><img fetchpriority=\"high\" data-testid=\"Opener.Image\" style=\"--lqipURL:url('https:\/\/images.t-online.de\/2025\/12\/KxNTFxPu-eAE\/0x107:2048x1152\/fit-in\/150x0\/filters:blur(25)\/sein-pfandflaschen-geld-spendete-ein-obdachloser-an-ein-frauenhilfswerk-er-selbst-brauche-nichts-sagte-er-symbolbild.jpg')\"   loading=\"eager\" src=\"https:\/\/www.europesays.com\/de\/wp-content\/uploads\/2025\/12\/sein-pfandflaschen-geld-spendete-ein-obdachloser-an-ein-frauenhilfswerk-er-selbst-brauche-nichts-sag.jpeg\" alt=\"Flaschenpfand\" title=\"Flaschenpfand\" width=\"2048\" height=\"1152\" class=\"bg-[url:var(--lqipURL)] bg-cover bg-center flex h-full w-full max-w-full\" decoding=\"async\"\/><img style=\"--width:32;--height:32\" loading=\"lazy\" src=\"https:\/\/www.t-online.de\/s\/paper\/_next\/static\/media\/zoom-in.f7dae02f.svg\" alt=\"Vergr\u00f6\u00dfern des Bildes\" title=\"Vergr\u00f6\u00dfern des Bildes\" class=\"block h-[calc(var(--height)_\/_16_*_1rem)] w-[calc(var(--width)_\/_16_*_1rem)] max-w-none absolute bottom-8 right-8 rounded-4 bg-snow p-8\" decoding=\"async\"\/><\/a><\/p>\n<p>Sein Pfandflaschen-Geld spendete ein Obdachloser an ein Frauenhilfswerk. Er selbst brauche nichts, sagte er. (Symbolbild) (Quelle: Lino Mirgeler\/dpa\/dpa-bilder)<\/p>\n<p class=\"font-bold text-18 leading-17\">Ein obdachloser Stuttgarter spendet 200 Euro Pfand f\u00fcr alleinstehende M\u00fctter \u2013 und lehnt jede Hilfe f\u00fcr sich selbst ab. Was ihn zu dieser Entscheidung bewegt.<\/p>\n<p class=\"text-18 leading-17\">Mit seiner Spende von 200 Euro aus selbst gesammeltem Pfand hat ein obdachloser Stuttgarter eine Welle der Anteilnahme ausgel\u00f6st. Auf die vielen Angebote und Dankesbekundungen reagiert der obdachlose Mann jedoch zur\u00fcckhaltend, wie der Sozialdienst katholischer Frauen (SkF) der Di\u00f6zese Rottenburg-Stuttgart mitteilte. &#8222;Ich brauche nichts&#8220;, habe Schwalbe gesagt.<\/p>\n<p class=\"text-18 leading-17\">Seit der Ver\u00f6ffentlichung der Geschichte erreichen den SkF zahlreiche Nachrichten, vor allem \u00fcber soziale Medien. Viele Menschen zeigten sich bewegt von der Geste und wollten &#8222;Schwalbe&#8220; etwas zur\u00fcckgeben \u2013 mit Einladungen, Gutscheinen oder Geldspenden, sagte Svenja Gru\u00df, Vorst\u00e4ndin des SkF.<\/p>\n<p class=\"text-18 leading-17\">Sie begegnet ihm nach eigenen Angaben regelm\u00e4\u00dfig auf ihrem Weg durch den Stuttgarter Osten. Zwar habe ihn die Anteilnahme sichtbar ger\u00fchrt, doch seine Haltung sei eindeutig geblieben. Er habe, was er brauche, habe Schwalbe gesagt. &#8222;Ich lebe blo\u00df anders, das hei\u00dft nicht, dass es mir schlecht geht&#8220;, zitierte ihn der SkF weiter. <\/p>\n<p class=\"text-18 leading-17\">Ausgangspunkt der breiten Resonanz war &#8222;Schwalbes&#8220; Spende kurz vor Weihnachten. Das Geld hatte er sich durch das Sammeln von Pfandflaschen zusammengespart und mit der Bitte \u00fcbergeben, sie alleinstehenden M\u00fcttern zukommen zu lassen, &#8222;damit sie ein sch\u00f6nes Fest haben&#8220;, hatte der SkF mitgeteilt. Der Betrag ging an eine bed\u00fcrftige Mutter im Stuttgarter Osten.<\/p>\n<p class=\"text-18 leading-17\">Schon bei der \u00dcbergabe der Spende hatte Schwalbe laut Sozialdienst betont, im Hintergrund bleiben zu wollen. Als \u00fcberzeugter Christ verstehe er die 200 Euro als Weihnachtsgeschenk.<\/p>\n","protected":false},"excerpt":{"rendered":"R\u00fchrende Geste Obdachlocher spendet Pfand &#8211; &#8222;Ich brauche nichts&#8220; Aktualisiert am 22.12.2025 &#8211; 06:59 UhrLesedauer: 1 Min. Sein&hellip;\n","protected":false},"author":2,"featured_media":663801,"comment_status":"","ping_status":"","sticky":false,"template":"","format":"standard","meta":{"footnotes":""},"categories":[1830],"tags":[1634,3364,29,154894,30,154895,1441],"class_list":{"0":"post-663800","1":"post","2":"type-post","3":"status-publish","4":"format-standard","5":"has-post-thumbnail","7":"category-stuttgart","8":"tag-baden-wuerttemberg","9":"tag-de","10":"tag-deutschland","11":"tag-frauenhilfswerk","12":"tag-germany","13":"tag-rottenburg-stuttgart","14":"tag-stuttgart"},"share_on_mastodon":{"url":"https:\/\/pubeurope.com\/@de\/115761792034922389","error":""},"_links":{"self":[{"href":"https:\/\/www.europesays.com\/de\/wp-json\/wp\/v2\/posts\/663800","targetHints":{"allow":["GET"]}}],"collection":[{"href":"https:\/\/www.europesays.com\/de\/wp-json\/wp\/v2\/posts"}],"about":[{"href":"https:\/\/www.europesays.com\/de\/wp-json\/wp\/v2\/types\/post"}],"author":[{"embeddable":true,"href":"https:\/\/www.europesays.com\/de\/wp-json\/wp\/v2\/users\/2"}],"replies":[{"embeddable":true,"href":"https:\/\/www.europesays.com\/de\/wp-json\/wp\/v2\/comments?post=663800"}],"version-history":[{"count":0,"href":"https:\/\/www.europesays.com\/de\/wp-json\/wp\/v2\/posts\/663800\/revisions"}],"wp:featuredmedia":[{"embeddable":true,"href":"https:\/\/www.europesays.com\/de\/wp-json\/wp\/v2\/media\/663801"}],"wp:attachment":[{"href":"https:\/\/www.europesays.com\/de\/wp-json\/wp\/v2\/media?parent=663800"}],"wp:term":[{"taxonomy":"category","embeddable":true,"href":"https:\/\/www.europesays.com\/de\/wp-json\/wp\/v2\/categories?post=663800"},{"taxonomy":"post_tag","embeddable":true,"href":"https:\/\/www.europesays.com\/de\/wp-json\/wp\/v2\/tags?post=663800"}],"curies":[{"name":"wp","href":"https:\/\/api.w.org\/{rel}","templated":true}]}}