{"id":663811,"date":"2025-12-22T06:30:25","date_gmt":"2025-12-22T06:30:25","guid":{"rendered":"https:\/\/www.europesays.com\/de\/663811\/"},"modified":"2025-12-22T06:30:25","modified_gmt":"2025-12-22T06:30:25","slug":"streit-um-partylaerm-in-muenchen-eskaliert-verbot-fuer-kiosk-gefordert-3","status":"publish","type":"post","link":"https:\/\/www.europesays.com\/de\/663811\/","title":{"rendered":"Streit um Partyl\u00e4rm in M\u00fcnchen eskaliert: Verbot f\u00fcr Kiosk gefordert"},"content":{"rendered":"<ol class=\"id-DonaldBreadcrumb lp_west_breadcrumb id-DonaldBreadcrumb--default\" data-k5a-pos=\"west_breadcrumb\">\n<li class=\"id-Breadcrumb-item\"><a href=\"https:\/\/www.tz.de\/\" class=\"id-Breadcrumb-link\" data-id-ec=\"{\" shn=\"\" textlink=\"\" data-k5a-pos=\"1_tz\" rel=\"nofollow noopener\" target=\"_blank\">tz<\/a><\/li>\n<li class=\"id-Breadcrumb-item\"><a href=\"https:\/\/www.tz.de\/muenchen\/\" class=\"id-Breadcrumb-link\" data-id-ec=\"{\" shn=\"\" textlink=\"\" data-k5a-pos=\"2_muenchen\" rel=\"nofollow noopener\" target=\"_blank\">M\u00fcnchen<\/a><\/li>\n<li class=\"id-Breadcrumb-item\"><a href=\"https:\/\/www.tz.de\/muenchen\/stadt\/\" class=\"id-Breadcrumb-link\" data-id-ec=\"{\" shn=\"\" textlink=\"\" data-k5a-pos=\"3_stadt\" rel=\"nofollow noopener\" target=\"_blank\">Stadt<\/a><\/li>\n<li class=\"id-Breadcrumb-item\"><a href=\"https:\/\/www.tz.de\/muenchen\/stadt\/ludwigsvorstadt-isarvorstadt-ort43328\/\" class=\"id-Breadcrumb-link\" data-id-ec=\"{\" shn=\"\" textlink=\"\" data-k5a-pos=\"4_ludwigsvorstadtIsarvorstadt\" rel=\"nofollow noopener\" target=\"_blank\">Ludwigsvorstadt-Isarvorstadt<\/a><\/li>\n<\/ol>\n<p class=\"id-Story-timestamp id-Story-timestamp--default\">Stand: 22.12.2025, 04:46 Uhr<\/p>\n<p class=\"id-Story-authors id-Story-authors--default\">Von: <a class=\"id-Story-authors-link lp_west_author\" href=\"https:\/\/www.tz.de\/autor\/bettina-ulrichs-tnf47f6cs.html\" title=\"Zur Autorenseite von Bettina Ulrichs\" data-id-ec=\"{\" shn=\"\" author-link=\"\" ulrichs=\"\" data-k5a-pos=\"west_author\" rel=\"nofollow noopener\" target=\"_blank\">Bettina Ulrichs<\/a><\/p>\n<p class=\"id-Story-interactionBar id-Story-interactionBar--default\">DruckenTeilen<\/p>\n<p class=\"id-StoryElement-leadText\">Im Glockenbachviertel in M\u00fcnchen eskaliert der Konflikt um n\u00e4chtlichen Partyl\u00e4rm. Die Bezirksinspektion best\u00e4tigt eine massive Beschwerdelage.<\/p>\n<p class=\"id-StoryElement-paragraph\">M\u00fcnchen \u2013 Als Anwohner der Fraunhoferstra\u00dfe sei man einiges an Lautst\u00e4rke gew\u00f6hnt, sagte eine dort lebende Mieterin bei der B\u00fcrgerversammlung f\u00fcr die <a href=\"https:\/\/www.tz.de\/muenchen\/stadt\/ludwigsvorstadt-isarvorstadt-ort43328\/hackerbruecke-nach-sanierung-anwohner-fordern-autofreie-94061960.html\" class=\"id-import-Link\" data-id-ec=\"{&quot;sht&quot;:&quot;Container&quot;,&quot;shn&quot;:&quot;Story&quot;,&quot;p&quot;:{&quot;containerType&quot;:&quot;Paragraph&quot;,&quot;displayType&quot;:&quot;Paragraph InlineLink&quot;,&quot;type&quot;:&quot;INLINE_LINK&quot;,&quot;value&quot;:&quot;Ludwigs- und Isarvorstadt&quot;,&quot;variant&quot;:&quot;standardLink&quot;,&quot;sponsored&quot;:false,&quot;linkHref&quot;:&quot;https:\/\/www.tz.de\/muenchen\/stadt\/ludwigsvorstadt-isarvorstadt-ort43328\/hackerbruecke-nach-sanierung-anwohner-fordern-autofreie-94061960.html&quot;,&quot;storyElementPosition&quot;:8,&quot;storyElementCount&quot;:19}}\" rel=\"nofollow noopener\" target=\"_blank\">Ludwigs- und Isarvorstadt<\/a>. Eine neue Kneipe im Haus \u00fcbertreffe allerdings alles bisherige bei Weitem. \u201eDas ist ein Club mit lauter Musik bis 2 Uhr nachts und Menschenmassen auf dem Gehweg und kein Lokal, wie bisher das Pasta e Basta\u201c, so die Frau.<\/p>\n<p><img decoding=\"async\" class=\"id-RatioPlaceholder-element wv_story_el_image\" src=\"https:\/\/www.europesays.com\/de\/wp-content\/uploads\/2025\/12\/40842986-reichenbachstrasse-soll-fussgaengerzone-foto-marcus-schlaf-28-06-2018-gespeichert-unter-rei.jpeg\" loading=\"lazy\"   height=\"733\" width=\"1100\" alt=\"Reichenbachstrasse soll Fu&#xDF;g&#xE4;ngerzone Foto: Marcus Schlaf, 28.06.2018 gespeichert unter reichen12 SPERRFRIST: NACH ERSTVER&#xD6;FFENTLICHUNG IM M&#xDC;NCHNER MERKUR\/TZ\"\/>In der Reichenbachstra\u00dfe sorgen Pl\u00e4ne f\u00fcr einen weiteren Kiosk f\u00fcr \u00c4rger bei den Anwohnern. \u00a9\u00a0Marcus SchlafPartyl\u00e4rm bis 2 Uhr nachts: Konflikt im Glockenbachviertel in M\u00fcnchen eskaliert<\/p>\n<p class=\"id-StoryElement-paragraph\">Die Kneipe sei auch an ihrem anderen Standort in der Maxvorstadt extrem beliebt und als L\u00e4rmquelle bei den Nachbarn ber\u00fcchtigt. \u201eDrei- bis viermal pro Woche kommt die Polizei deshalb in die Fraunhoferstra\u00dfe, aber eine Verbesserung ist nicht in Sicht.\u201c Die B\u00fcrgerin beklagt au\u00dferdem, dass die Kneipe nur eine Lizenz f\u00fcr einen Gastst\u00e4ttenbetrieb, nicht f\u00fcr eine Disco habe.<\/p>\n<p class=\"id-StoryElement-paragraph\">Ein Sprecher der Bezirksinspektion best\u00e4tigte: \u201eDie Beschwerdelage ist massiv. Und es gibt nur eine Konzession f\u00fcr ein Schank- und Speiselokal mit Hintergrundmusik. Aber: Es ist sehr langwierig, bis es zu einer Schlie\u00dfung oder einer \u00c4nderung des Betriebs kommt.\u201c Man sei allerdings bereits auf einem guten Weg. Eine gro\u00dfe Mehrheit auf der B\u00fcrgerversammlung unterst\u00fctzt den Antrag auf strengere Kontrollen und \u00dcberpr\u00fcfung der Betriebserlaubnis.<\/p>\n<p class=\"id-StoryElement-paragraph\"><strong>tz-App kostenlos downloaden<\/strong>: Entdecken Sie die tz-App mit neuen Funktionen wie kompakte Artikelzusammenfassungen, die praktische Merkenfunktion und vieles mehr. Jetzt herunterladen und \u00fcber alle Geschehnisse in und um M\u00fcnchen informiert bleiben. <a href=\"https:\/\/tz.go.link\/?adj_t=1tr2d92l\" rel=\"nofollow noopener\" target=\"_blank\" class=\"id-import-Link--action id-pageApi-Link--externalDomain\" data-id-ec=\"{&quot;sht&quot;:&quot;Container&quot;,&quot;shn&quot;:&quot;Story&quot;,&quot;p&quot;:{&quot;containerType&quot;:&quot;Paragraph&quot;,&quot;displayType&quot;:&quot;Paragraph InlineLink&quot;,&quot;type&quot;:&quot;INLINE_LINK&quot;,&quot;value&quot;:&quot;Laden Sie sich die App HIER kostenlos herunter.&quot;,&quot;variant&quot;:&quot;callToAction&quot;,&quot;sponsored&quot;:false,&quot;linkHref&quot;:&quot;https:\/\/tz.go.link\/?adj_t=1tr2d92l&quot;,&quot;storyElementPosition&quot;:15,&quot;storyElementCount&quot;:19}}\" data-id-av=\"{&quot;sht&quot;:&quot;Container&quot;,&quot;shn&quot;:&quot;Story&quot;,&quot;p&quot;:{&quot;containerType&quot;:&quot;Paragraph&quot;,&quot;displayType&quot;:&quot;Paragraph InlineLink&quot;,&quot;type&quot;:&quot;INLINE_LINK&quot;,&quot;value&quot;:&quot;Laden Sie sich die App HIER kostenlos herunter.&quot;,&quot;variant&quot;:&quot;callToAction&quot;,&quot;sponsored&quot;:false,&quot;linkHref&quot;:&quot;https:\/\/tz.go.link\/?adj_t=1tr2d92l&quot;,&quot;storyElementPosition&quot;:15,&quot;storyElementCount&quot;:19}}\">Laden Sie sich die App HIER kostenlos herunter.<\/a><\/p>\n<p>Angst vor immer mehr Partyl\u00e4rm im Glockenbachviertel: B\u00fcrger fordern Verbot f\u00fcr weiteren Kiosk<\/p>\n<p class=\"id-StoryElement-paragraph\">Ebenfalls Angst vor immer mehr Partybetrieb und n\u00e4chtlicher Ruhest\u00f6rungen hat eine B\u00fcrgerin aus der Reichenbachstra\u00dfe: \u201eBei uns soll ein weiterer, dritter Kiosk in unmittelbarer N\u00e4he er\u00f6ffnet werden, der an den Wochenenden bis 2 Uhr nachts und sonst bis 23 Uhr ge\u00f6ffnet hat.\u201c Zusammen mit den Schanig\u00e4rten, die ebenfalls bis 23 Uhr abends eine stetige L\u00e4rmquelle seien, st\u00f6rten diese Kioske die Nachtruhe der Bewohner aller Altersstufen erheblich.<\/p>\n<p class=\"id-StoryElement-paragraph\">\u201eDer Verkauf und Konsum von Alkohol mindert die Wohnqualit\u00e4t im Viertel. Ich sorge mich, dass das Glockenbachviertel immer mehr zur Partymeile verkommt\u201c, so die Anwohnerin. Ihr Vorschlag, den neuen Kiosk zu verbieten oder die \u00d6ffnungszeiten auf die regul\u00e4ren Laden\u00f6ffnungszeiten zu begrenzen, fand eine knappe Mehrheit in der B\u00fcrgerversammlung.<\/p>\n","protected":false},"excerpt":{"rendered":"tz M\u00fcnchen Stadt Ludwigsvorstadt-Isarvorstadt Stand: 22.12.2025, 04:46 Uhr Von: Bettina Ulrichs DruckenTeilen Im Glockenbachviertel in M\u00fcnchen eskaliert der&hellip;\n","protected":false},"author":2,"featured_media":661403,"comment_status":"","ping_status":"","sticky":false,"template":"","format":"standard","meta":{"footnotes":""},"categories":[1827],"tags":[772,29,30,1268],"class_list":{"0":"post-663811","1":"post","2":"type-post","3":"status-publish","4":"format-standard","5":"has-post-thumbnail","7":"category-muenchen","8":"tag-bayern","9":"tag-deutschland","10":"tag-germany","11":"tag-muenchen"},"share_on_mastodon":{"url":"https:\/\/pubeurope.com\/@de\/115761816203676633","error":""},"_links":{"self":[{"href":"https:\/\/www.europesays.com\/de\/wp-json\/wp\/v2\/posts\/663811","targetHints":{"allow":["GET"]}}],"collection":[{"href":"https:\/\/www.europesays.com\/de\/wp-json\/wp\/v2\/posts"}],"about":[{"href":"https:\/\/www.europesays.com\/de\/wp-json\/wp\/v2\/types\/post"}],"author":[{"embeddable":true,"href":"https:\/\/www.europesays.com\/de\/wp-json\/wp\/v2\/users\/2"}],"replies":[{"embeddable":true,"href":"https:\/\/www.europesays.com\/de\/wp-json\/wp\/v2\/comments?post=663811"}],"version-history":[{"count":0,"href":"https:\/\/www.europesays.com\/de\/wp-json\/wp\/v2\/posts\/663811\/revisions"}],"wp:featuredmedia":[{"embeddable":true,"href":"https:\/\/www.europesays.com\/de\/wp-json\/wp\/v2\/media\/661403"}],"wp:attachment":[{"href":"https:\/\/www.europesays.com\/de\/wp-json\/wp\/v2\/media?parent=663811"}],"wp:term":[{"taxonomy":"category","embeddable":true,"href":"https:\/\/www.europesays.com\/de\/wp-json\/wp\/v2\/categories?post=663811"},{"taxonomy":"post_tag","embeddable":true,"href":"https:\/\/www.europesays.com\/de\/wp-json\/wp\/v2\/tags?post=663811"}],"curies":[{"name":"wp","href":"https:\/\/api.w.org\/{rel}","templated":true}]}}