{"id":663816,"date":"2025-12-22T06:33:14","date_gmt":"2025-12-22T06:33:14","guid":{"rendered":"https:\/\/www.europesays.com\/de\/663816\/"},"modified":"2025-12-22T06:33:14","modified_gmt":"2025-12-22T06:33:14","slug":"berlin-brandenburg-auto-ueberschlaegt-sich-in-tempelhof","status":"publish","type":"post","link":"https:\/\/www.europesays.com\/de\/663816\/","title":{"rendered":"Berlin &#038; Brandenburg: Auto \u00fcberschl\u00e4gt sich in Tempelhof"},"content":{"rendered":"<p>Berlin &amp; BrandenburgAuto \u00fcberschl\u00e4gt sich in Tempelhof<img decoding=\"async\" class=\"Image_img__fQCi0 Image_Img_16_9__4BLfH\" loading=\"eager\" fetchpriority=\"high\" src=\"https:\/\/www.europesays.com\/de\/wp-content\/uploads\/2025\/12\/Die-Einsatzkraefte-richteten-das-ueberschlagene-Auto-wieder-auf.webp.webp\" alt=\"Die-Einsatzkraefte-richteten-das-ueberschlagene-Auto-wieder-auf\"\/>TeilenFolgen auf:<a href=\"https:\/\/www.whatsapp.com\/channel\/0029Va5cdVJD8SDp5YZgYF01\" title=\"Auf WhatsApp folgen\" target=\"_blank\" rel=\"noopener\"><img decoding=\"async\" src=\"https:\/\/www.n-tv.de\/socialIcons\/whatsapp.svg\" alt=\"whatsapp\" class=\"ArticleShare_icon__FsrC2\"\/><\/a><a href=\"https:\/\/news.google.com\/publications\/CAAiEPMdif5mpRNxiLOeUpHCwwsqFAgKIhDzHYn-ZqUTcYiznlKRwsML?hl=de&amp;gl=DE&amp;ceid=DE%3Ade\" title=\"Auf Google News folgen\" target=\"_blank\" rel=\"noopener\"><img decoding=\"async\" src=\"https:\/\/www.n-tv.de\/socialIcons\/google.svg\" alt=\"whatsapp\" class=\"ArticleShare_icon__FsrC2\"\/><\/a><\/p>\n<p class=\"Typography_text-m__XI0da Typography_weight-bold__uT6mq storyline_lead_text_leadtext__q_wg8\">Zwei Autos sto\u00dfen auf dem Tempelhofer Damm zusammen, eins \u00fcberschl\u00e4gt sich. Die Feuerwehr rettet einen Menschen.<\/p>\n<p class=\"Typography_text-default__P3otY Typography_weight-normal__pqUbH storyline_paragraph_p__qSR5N\">Berlin (dpa\/bb) &#8211; Zwei Autos sind in Berlin-Tempelhof zusammengesto\u00dfen. Ein Auto \u00fcberschlug sich bei dem Unfall am Sonntagnachmittag auf dem Tempelhofer Damm und blieb auf dem Dach liegen, wie die Feuerwehr Berlin mitteilte. Die Feuerwehr rettete demnach einen Menschen aus dem Auto, der leicht verletzt wurde. Mit einer Seilwinde richteten die Einsatzkr\u00e4fte den Wagen wieder auf. Kraftstoff, der infolge des Unfalls auf die Stra\u00dfe gelaufen war, wurde von der Feuerwehr gebunden.<\/p>\n<p class=\"Typography_text-s__wu_cm Typography_weight-normal__pqUbH Typography_color-darkgrey__sZEnP article-detail-footer_source__KslPc\">Quelle: dpa<\/p>\n","protected":false},"excerpt":{"rendered":"Berlin &amp; BrandenburgAuto \u00fcberschl\u00e4gt sich in TempelhofTeilenFolgen auf: Zwei Autos sto\u00dfen auf dem Tempelhofer Damm zusammen, eins \u00fcberschl\u00e4gt&hellip;\n","protected":false},"author":2,"featured_media":663817,"comment_status":"","ping_status":"","sticky":false,"template":"","format":"standard","meta":{"footnotes":""},"categories":[1816],"tags":[1960,1958,1959,1957,1956,1890,29,30],"class_list":{"0":"post-663816","1":"post","2":"type-post","3":"status-publish","4":"format-standard","5":"has-post-thumbnail","7":"category-brandenburg","8":"tag-aktuelle-nachrichten-aus-berlin-und-brandenburg","9":"tag-aktuelle-nachrichten-aus-brandenburg","10":"tag-aktuelle-news-aus-berlin-und-brandenburg","11":"tag-aktuelle-news-aus-brandenburg","12":"tag-berlin-und-brandenburg","13":"tag-brandenburg","14":"tag-deutschland","15":"tag-germany"},"share_on_mastodon":{"url":"https:\/\/pubeurope.com\/@de\/115761827720348843","error":""},"_links":{"self":[{"href":"https:\/\/www.europesays.com\/de\/wp-json\/wp\/v2\/posts\/663816","targetHints":{"allow":["GET"]}}],"collection":[{"href":"https:\/\/www.europesays.com\/de\/wp-json\/wp\/v2\/posts"}],"about":[{"href":"https:\/\/www.europesays.com\/de\/wp-json\/wp\/v2\/types\/post"}],"author":[{"embeddable":true,"href":"https:\/\/www.europesays.com\/de\/wp-json\/wp\/v2\/users\/2"}],"replies":[{"embeddable":true,"href":"https:\/\/www.europesays.com\/de\/wp-json\/wp\/v2\/comments?post=663816"}],"version-history":[{"count":0,"href":"https:\/\/www.europesays.com\/de\/wp-json\/wp\/v2\/posts\/663816\/revisions"}],"wp:featuredmedia":[{"embeddable":true,"href":"https:\/\/www.europesays.com\/de\/wp-json\/wp\/v2\/media\/663817"}],"wp:attachment":[{"href":"https:\/\/www.europesays.com\/de\/wp-json\/wp\/v2\/media?parent=663816"}],"wp:term":[{"taxonomy":"category","embeddable":true,"href":"https:\/\/www.europesays.com\/de\/wp-json\/wp\/v2\/categories?post=663816"},{"taxonomy":"post_tag","embeddable":true,"href":"https:\/\/www.europesays.com\/de\/wp-json\/wp\/v2\/tags?post=663816"}],"curies":[{"name":"wp","href":"https:\/\/api.w.org\/{rel}","templated":true}]}}