{"id":663824,"date":"2025-12-22T06:37:50","date_gmt":"2025-12-22T06:37:50","guid":{"rendered":"https:\/\/www.europesays.com\/de\/663824\/"},"modified":"2025-12-22T06:37:50","modified_gmt":"2025-12-22T06:37:50","slug":"wetterbericht-fuer-berlin-brandenburg-21-12-2025-berliner-sonntagsblatt","status":"publish","type":"post","link":"https:\/\/www.europesays.com\/de\/663824\/","title":{"rendered":"Wetterbericht f\u00fcr Berlin\/Brandenburg (21.12.2025) | Berliner Sonntagsblatt"},"content":{"rendered":"<p>        <img decoding=\"async\" itemprop=\"url\" src=\"https:\/\/www.europesays.com\/de\/wp-content\/uploads\/2025\/12\/Brandenburg_21.12.2025.jpg\" alt=\"Wetterbericht f\u00fcr Berlin\/Brandenburg (21.12.2025)\" data-large=\"\/srv\/obs\/_tss_1766314442635_a98bf13\/module\/news\/211979\/pic\/Wetterbericht_fuer_BerlinBrandenburg_21.12.2025.jpg\"\/><\/p>\n<p>            Wetterbericht f\u00fcr Berlin\/Brandenburg (21.12.2025) &#8211; (Foto: Nebel auf einer Autobahn (Archiv))<\/p>\n<p>\n          \u00fcber dts Nachrichtenagentur<\/p>\n<p>            21. Dezember 2025 &#8211; 08:20 Uhr<\/p>\n<p>            Von Sophie Neumann<\/p>\n<p><strong>In Berlin und Brandenburg startet der Tag heute fr\u00fch mit teils dichtem Nebel, der die Sichtweiten lokal unter 150 Meter dr\u00fccken kann. Tags\u00fcber bleibt es meist neblig-tr\u00fcb, nur in der Elbe-Elster-Niederung sind leichte Auflockerungen m\u00f6glich. Es bleibt trocken, und die Temperaturen erreichen milde 4 bis 7 Grad bei schwachem bis m\u00e4\u00dfigem Ostwind. Auch in der kommenden Nacht h\u00e4lt die geschlossene Wolkendecke an, und es f\u00e4llt kein Niederschlag. Die Temperaturen gehen nur leicht zur\u00fcck auf Werte zwischen 2 und 4 Grad. Der morgige Montag bringt keine wesentliche \u00c4nderung: Es bleibt bedeckt und meist trocken. Die H\u00f6chstwerte liegen dann bei 3 bis 5 Grad. Ein Trend zu k\u00fchlerem Wetter zeichnet sich erst f\u00fcr die Folgetage ab.<\/strong><\/p>\n","protected":false},"excerpt":{"rendered":"Wetterbericht f\u00fcr Berlin\/Brandenburg (21.12.2025) &#8211; (Foto: Nebel auf einer Autobahn (Archiv)) \u00fcber dts Nachrichtenagentur 21. Dezember 2025 &#8211;&hellip;\n","protected":false},"author":2,"featured_media":663825,"comment_status":"","ping_status":"","sticky":false,"template":"","format":"standard","meta":{"footnotes":""},"categories":[1825],"tags":[296,531,29,527,30,1952,56,525,526,530,3573,12,529,523,528,5917],"class_list":{"0":"post-663824","1":"post","2":"type-post","3":"status-publish","4":"format-standard","5":"has-post-thumbnail","7":"category-berlin","8":"tag-berlin","9":"tag-charlottenburg-wilmersdorf","10":"tag-deutschland","11":"tag-friedrichshain-kreuzberg","12":"tag-germany","13":"tag-lichtenberg","14":"tag-marzahn-hellersdorf","15":"tag-mitte","16":"tag-neukoelln","17":"tag-pankow","18":"tag-reinickendorf","19":"tag-schlagzeilen","20":"tag-spandau","21":"tag-steglitz-zehlendorf","22":"tag-tempelhof-schoeneberg","23":"tag-treptow-koepenick"},"share_on_mastodon":{"url":"https:\/\/pubeurope.com\/@de\/115761847901188050","error":""},"_links":{"self":[{"href":"https:\/\/www.europesays.com\/de\/wp-json\/wp\/v2\/posts\/663824","targetHints":{"allow":["GET"]}}],"collection":[{"href":"https:\/\/www.europesays.com\/de\/wp-json\/wp\/v2\/posts"}],"about":[{"href":"https:\/\/www.europesays.com\/de\/wp-json\/wp\/v2\/types\/post"}],"author":[{"embeddable":true,"href":"https:\/\/www.europesays.com\/de\/wp-json\/wp\/v2\/users\/2"}],"replies":[{"embeddable":true,"href":"https:\/\/www.europesays.com\/de\/wp-json\/wp\/v2\/comments?post=663824"}],"version-history":[{"count":0,"href":"https:\/\/www.europesays.com\/de\/wp-json\/wp\/v2\/posts\/663824\/revisions"}],"wp:featuredmedia":[{"embeddable":true,"href":"https:\/\/www.europesays.com\/de\/wp-json\/wp\/v2\/media\/663825"}],"wp:attachment":[{"href":"https:\/\/www.europesays.com\/de\/wp-json\/wp\/v2\/media?parent=663824"}],"wp:term":[{"taxonomy":"category","embeddable":true,"href":"https:\/\/www.europesays.com\/de\/wp-json\/wp\/v2\/categories?post=663824"},{"taxonomy":"post_tag","embeddable":true,"href":"https:\/\/www.europesays.com\/de\/wp-json\/wp\/v2\/tags?post=663824"}],"curies":[{"name":"wp","href":"https:\/\/api.w.org\/{rel}","templated":true}]}}