{"id":663852,"date":"2025-12-22T06:55:16","date_gmt":"2025-12-22T06:55:16","guid":{"rendered":"https:\/\/www.europesays.com\/de\/663852\/"},"modified":"2025-12-22T06:55:16","modified_gmt":"2025-12-22T06:55:16","slug":"inselbewohner-duerfen-gegen-schweizer-zementkonzern-holcim-klagen","status":"publish","type":"post","link":"https:\/\/www.europesays.com\/de\/663852\/","title":{"rendered":"Inselbewohner d\u00fcrfen gegen Schweizer Zementkonzern Holcim klagen"},"content":{"rendered":"<p>            <img loading=\"lazy\" decoding=\"async\" class=\"ts-image\" src=\"https:\/\/www.europesays.com\/de\/wp-content\/uploads\/2025\/12\/bewohner-insel-pari-100.jpg\" alt=\"Bewohner der Insel Pari vor dem Gericht in Zug\" title=\"Bewohner der Insel Pari vor dem Gericht in Zug | AFP\"\/><\/p>\n<p class=\"metatextline\">Stand: 22.12.2025 06:27 Uhr<\/p>\n<p class=\"article-head__shorttext\">\n        <strong>\u00dcberraschende Entscheidung eines Schweizer Gerichts: Bewohner einer von \u00dcberschwemmungen betroffenen indonesischen Insel d\u00fcrfen den Zementkonzern Holcim verklagen. Sie machen ihn mitverantwortlich f\u00fcr den Klimawandel.<\/strong>\n    <\/p>\n<p class=\"textabsatz m-ten m-offset-one l-eight l-offset-two columns twelve\">M\u00fcssen Gro\u00dfkonzerne, die viel CO2 aussto\u00dfen, f\u00fcr die Folgen des Klimawandels haften oder nicht? Das ist die Kernfrage, mit der sich das Kantonsgericht Zug nun in einem Verfahren besch\u00e4ftigen wird. Das Gericht hat eine Klimaklage von vier Bewohnerinnen und Bewohnern einer kleinen indonesischen Insel gegen den Schweizer Holcim-Konzern zugelassen, wie das Hilfswerk der Evangelisch-reformierten Kirche der Schweiz (HEKS) mitteilte.<\/p>\n<p class=\"textabsatz m-ten m-offset-one l-eight l-offset-two columns twelve\">Das Hilfswerk unterst\u00fctzt die Klage der indonesischen Kleinunternehmer mit einer Kampagne. Dass das Gericht in Zug die Klimaklage angenommen hat, sei ein wichtiger Zwischenschritt, sagte der Jurist Johannes Wendland dem ARD-Studio Genf. Er ist beim HEKS f\u00fcr den Bereich Klimagerechtigkeit zust\u00e4ndig. &#8222;Die Klagenden sehen das selber auch so, sie sind sehr froh dar\u00fcber.&#8220;<\/p>\n<p>    &#8222;Insel damit noch nicht gerettet&#8220;<\/p>\n<p class=\"textabsatz m-ten m-offset-one l-eight l-offset-two columns twelve\">Wendland betonte, die Entscheidung gebe den Klagenden und ihren Familien Hoffnung und Kraft. &#8222;Sie sind sich nat\u00fcrlich auch klar dar\u00fcber, dass damit ihre Insel nicht gerettet ist. Sondern der Kampf und der Weg sind noch lang.&#8220;<\/p>\n<p class=\"textabsatz m-ten m-offset-one l-eight l-offset-two columns twelve\">Die vier klagenden Bewohnerinnen und Bewohner der Insel Pari machen den Zementkonzern Holcim mitverantwortlich f\u00fcr den Klimawandel. Sie verlangen, dass Holcim seinen CO2-Aussto\u00df reduziert und n\u00f6tige Klimaanpassungs-Projekte auf der Insel finanziert. Au\u00dferdem verlangen sie umgerechnet rund 15.000 Euro Schadenersatz. Nach Medienberichten ist das weniger als der Stundenlohn des Holcim-Konzernchefs.<\/p>\n<p>    Schwere \u00dcberschwemmungen auf der Insel Pari<\/p>\n<p class=\"textabsatz m-ten m-offset-one l-eight l-offset-two columns twelve\">Hintergrund der Klage ist die exponierte Lage der betroffenen indonesischen Insel Pari. Der h\u00f6chste Punkt der Insel liegt nur anderthalb Meter \u00fcber dem Meeresspiegel. Vor vier Jahren wurden die rund 1.500 Insel-Bewohner von zwei schweren \u00dcberschwemmungen heimgesucht. Bis 2050 k\u00f6nnten weite Teile der Insel unter Wasser stehen.<\/p>\n<p class=\"textabsatz m-ten m-offset-one l-eight l-offset-two columns twelve\">Als sich das Gericht in Zug im September erstmals mit der Klimaklage der indonesischen Inselbewohner befasste, sagte die deutsche Juristin und Klimaschutz-Aktivistin Roda Verheyen zur Bedeutung des Falls: &#8222;Darf ein privates (Unternehmen) &#8211; ich sag mal ohne R\u00fccksicht auf Verluste &#8211; weiter (CO2) emittieren, einfach machen, was es m\u00f6chte.&#8220; Das sei, was Holcim vorschl\u00e4gt.<\/p>\n<p class=\"textabsatz m-ten m-offset-one l-eight l-offset-two columns twelve\">Verheyen erkl\u00e4rte weiter: &#8222;Oder ist das nicht so? Hat das Zivilrecht eine Schutzwirkung auch im Hinblick auf die Kleinen, die Privaten?&#8220; In dem Fall der Insel Pari w\u00fcrden sich Hauseigent\u00fcmer und Fischer fragen: &#8222;Wieso haben unsere Rechtspositionen eigentlich eine geringere Bedeutung, als die globalen Unternehmen.&#8220;<\/p>\n<p>    Holcim will Berufung einlegen<\/p>\n<p class=\"textabsatz m-ten m-offset-one l-eight l-offset-two columns twelve\">Der Zementhersteller Holcim erkl\u00e4rte am Abend, man werde Berufung einlegen gegen den Entscheid des Gerichts, die Klage anzunehmen. Man sei weiterhin \u00fcberzeugt, dass Gerichte nicht der geeignete Ort seien, um der globalen Herausforderung des Klimawandels zu begegnen.<\/p>\n<p class=\"textabsatz m-ten m-offset-one l-eight l-offset-two columns twelve\">Da Holcim seinen Hauptsitz in Zug in der Schweiz hat, verhandelt das dortige Kantonsgericht die Klage. Nach Angaben der Datenbank &#8222;Carbon Majors&#8220; geh\u00f6rt Holcim zu den 180 gr\u00f6\u00dften Gas-, \u00d6l-, Kohle- und Zementproduzenten der Welt.<\/p>\n<p>    Holcim will deutsche Firma Xella \u00fcbernehmen<\/p>\n<p class=\"textabsatz m-ten m-offset-one l-eight l-offset-two columns twelve\">Auf der Insel Pari selbst war Holcim nie t\u00e4tig, aber bei der Zement-Herstellung entstehen gro\u00dfe Mengen an CO2, und das schadet &#8211; einmal in die Atmosph\u00e4re ausgesto\u00dfen &#8211; offensichtlich Menschen \u00fcberall auf der Welt.<\/p>\n<p class=\"textabsatz m-ten m-offset-one l-eight l-offset-two columns twelve\">Im Oktober wurde bekannt, dass Holcim den deutsche Baustoff-Hersteller Xella \u00fcbernehmen will. F\u00fcr das Duisburger Unternehmen will Holcim knapp 1,9 Milliarden Euro zahlen.<\/p>\n","protected":false},"excerpt":{"rendered":"Stand: 22.12.2025 06:27 Uhr \u00dcberraschende Entscheidung eines Schweizer Gerichts: Bewohner einer von \u00dcberschwemmungen betroffenen indonesischen Insel d\u00fcrfen den&hellip;\n","protected":false},"author":2,"featured_media":663853,"comment_status":"","ping_status":"","sticky":false,"template":"","format":"standard","meta":{"footnotes":""},"categories":[5],"tags":[13,31230,1789,1548,14,15,12,10,8,9,11],"class_list":{"0":"post-663852","1":"post","2":"type-post","3":"status-publish","4":"format-standard","5":"has-post-thumbnail","7":"category-nachrichten","8":"tag-headlines","9":"tag-holcim","10":"tag-klage","11":"tag-klimaschutz","12":"tag-nachrichten","13":"tag-news","14":"tag-schlagzeilen","15":"tag-top-news","16":"tag-top-meldungen","17":"tag-topmeldungen","18":"tag-topnews"},"share_on_mastodon":{"url":"https:\/\/pubeurope.com\/@de\/115761914076190916","error":""},"_links":{"self":[{"href":"https:\/\/www.europesays.com\/de\/wp-json\/wp\/v2\/posts\/663852","targetHints":{"allow":["GET"]}}],"collection":[{"href":"https:\/\/www.europesays.com\/de\/wp-json\/wp\/v2\/posts"}],"about":[{"href":"https:\/\/www.europesays.com\/de\/wp-json\/wp\/v2\/types\/post"}],"author":[{"embeddable":true,"href":"https:\/\/www.europesays.com\/de\/wp-json\/wp\/v2\/users\/2"}],"replies":[{"embeddable":true,"href":"https:\/\/www.europesays.com\/de\/wp-json\/wp\/v2\/comments?post=663852"}],"version-history":[{"count":0,"href":"https:\/\/www.europesays.com\/de\/wp-json\/wp\/v2\/posts\/663852\/revisions"}],"wp:featuredmedia":[{"embeddable":true,"href":"https:\/\/www.europesays.com\/de\/wp-json\/wp\/v2\/media\/663853"}],"wp:attachment":[{"href":"https:\/\/www.europesays.com\/de\/wp-json\/wp\/v2\/media?parent=663852"}],"wp:term":[{"taxonomy":"category","embeddable":true,"href":"https:\/\/www.europesays.com\/de\/wp-json\/wp\/v2\/categories?post=663852"},{"taxonomy":"post_tag","embeddable":true,"href":"https:\/\/www.europesays.com\/de\/wp-json\/wp\/v2\/tags?post=663852"}],"curies":[{"name":"wp","href":"https:\/\/api.w.org\/{rel}","templated":true}]}}