{"id":663862,"date":"2025-12-22T07:02:13","date_gmt":"2025-12-22T07:02:13","guid":{"rendered":"https:\/\/www.europesays.com\/de\/663862\/"},"modified":"2025-12-22T07:02:13","modified_gmt":"2025-12-22T07:02:13","slug":"weihnachtsgeschaeft-brummt-lage-bleibt-fuer-gastronomie-angespannt","status":"publish","type":"post","link":"https:\/\/www.europesays.com\/de\/663862\/","title":{"rendered":"Weihnachtsgesch\u00e4ft brummt, Lage bleibt f\u00fcr Gastronomie angespannt"},"content":{"rendered":"<p class=\"text_ohne_einzug richtext text-em-55 !leading-serif mx-6 desktop:mx-0\"> Das Gesch\u00e4ft l\u00e4uft offenbar gerade richtig gut. Wer in M\u00f6nchengladbach versucht, kurzfristig f\u00fcr zwei Personen einen Tisch in einem Restaurant zu reservieren, dem kann es passieren, dass er doch zu Hause essen muss. \u201eAusgebucht\u201c, hei\u00dft es vielerorts. Manche Restaurants haben sogar auf ihrer Homepage einen Hinweis, dass keine Reservierungen mehr m\u00f6glich sind. Das gilt nicht nur f\u00fcr Gruppen, sondern auch schon f\u00fcr zwei Personen. Das Weihnachtsgesch\u00e4ft ist der wichtigste Umsatzbringer f\u00fcr die Gastronomen.<\/p>\n","protected":false},"excerpt":{"rendered":"Das Gesch\u00e4ft l\u00e4uft offenbar gerade richtig gut. Wer in M\u00f6nchengladbach versucht, kurzfristig f\u00fcr zwei Personen einen Tisch in&hellip;\n","protected":false},"author":2,"featured_media":663863,"comment_status":"","ping_status":"","sticky":false,"template":"","format":"standard","meta":{"footnotes":""},"categories":[1849],"tags":[29563,3364,29,548,663,3934,24396,129727,30,13,33984,4455,14,15,1209,23148,1598,154906,12,154907],"class_list":{"0":"post-663862","1":"post","2":"type-post","3":"status-publish","4":"format-standard","5":"has-post-thumbnail","7":"category-moenchengladbach","8":"tag-ausgebucht","9":"tag-de","10":"tag-deutschland","11":"tag-eu","12":"tag-europa","13":"tag-europe","14":"tag-feiern","15":"tag-gebucht","16":"tag-germany","17":"tag-headlines","18":"tag-kopp","19":"tag-moenchengladbach","20":"tag-nachrichten","21":"tag-news","22":"tag-nordrhein-westfalen","23":"tag-personen","24":"tag-restaurant","25":"tag-rosenmeer","26":"tag-schlagzeilen","27":"tag-weihnachtsfeiern"},"share_on_mastodon":{"url":"https:\/\/pubeurope.com\/@de\/115761941385082642","error":""},"_links":{"self":[{"href":"https:\/\/www.europesays.com\/de\/wp-json\/wp\/v2\/posts\/663862","targetHints":{"allow":["GET"]}}],"collection":[{"href":"https:\/\/www.europesays.com\/de\/wp-json\/wp\/v2\/posts"}],"about":[{"href":"https:\/\/www.europesays.com\/de\/wp-json\/wp\/v2\/types\/post"}],"author":[{"embeddable":true,"href":"https:\/\/www.europesays.com\/de\/wp-json\/wp\/v2\/users\/2"}],"replies":[{"embeddable":true,"href":"https:\/\/www.europesays.com\/de\/wp-json\/wp\/v2\/comments?post=663862"}],"version-history":[{"count":0,"href":"https:\/\/www.europesays.com\/de\/wp-json\/wp\/v2\/posts\/663862\/revisions"}],"wp:featuredmedia":[{"embeddable":true,"href":"https:\/\/www.europesays.com\/de\/wp-json\/wp\/v2\/media\/663863"}],"wp:attachment":[{"href":"https:\/\/www.europesays.com\/de\/wp-json\/wp\/v2\/media?parent=663862"}],"wp:term":[{"taxonomy":"category","embeddable":true,"href":"https:\/\/www.europesays.com\/de\/wp-json\/wp\/v2\/categories?post=663862"},{"taxonomy":"post_tag","embeddable":true,"href":"https:\/\/www.europesays.com\/de\/wp-json\/wp\/v2\/tags?post=663862"}],"curies":[{"name":"wp","href":"https:\/\/api.w.org\/{rel}","templated":true}]}}