{"id":663869,"date":"2025-12-22T07:06:22","date_gmt":"2025-12-22T07:06:22","guid":{"rendered":"https:\/\/www.europesays.com\/de\/663869\/"},"modified":"2025-12-22T07:06:22","modified_gmt":"2025-12-22T07:06:22","slug":"pink-floyd-dark-side-of-the-moon-in-mannheim-show-26-12-2025-planetarium-mannheim","status":"publish","type":"post","link":"https:\/\/www.europesays.com\/de\/663869\/","title":{"rendered":"Pink Floyd &#8211; Dark Side of the Moon in Mannheim, Show, 26.12.2025, Planetarium Mannheim"},"content":{"rendered":"\n<p>\u201eDark Side of the Moon\u201c ist das erfolgreichste Album der Rockgruppe Pink Floyd, das zu einem Klassiker der popul\u00e4ren Musik wurde. Erschienen im Jahr 1973, kommen u.a. zum ersten Mal Synthesizer im gro\u00dfen Stil zum Einsatz. Ist die Musik f\u00fcr sich allein schon faszinierend, gewinnt man durch die pr\u00e4zise abgestimmte, im besten Sinne fantastische Visualisierung eine neue audio-visuelle Erfahrung. Eingetaucht in die 360\u00b0-Bildwelt des Planetariums begeben Sie sich in die Tiefen des Kosmos sowie in die Untiefen der menschlichen Existenz \u2013 auf die \u201edark side of the moon\u201c.<\/p>\n<p>Eine Produktion von Starlight Productions, Salt Lake City, USA.<\/p>\n<p>Dauer: ca. 45 Minuten, empfohlen ab 16 Jahre<\/p>\n<p> Weitere Veranstaltungen <\/p>\n<p> <a id=\"moreeventsregion-check\" data-more-locid=\"20600\" data-more-locname=\"Mannheim\" href=\"https:\/\/www.regioactive.de\/events\/20600\/mannheim\/veranstaltungen-party-konzerte\" title=\"Events, Party, Konzerte und Veranstaltungen in Mannheim\" target=\"_blank\" rel=\"noopener\"><strong>Weitere Events<\/strong> in Mannheim<\/a>\u00a0\u203a <\/p>\n","protected":false},"excerpt":{"rendered":"\u201eDark Side of the Moon\u201c ist das erfolgreichste Album der Rockgruppe Pink Floyd, das zu einem Klassiker der&hellip;\n","protected":false},"author":2,"featured_media":663870,"comment_status":"","ping_status":"","sticky":false,"template":"","format":"standard","meta":{"footnotes":""},"categories":[1845],"tags":[1634,3364,29,548,663,3934,30,13,2096,14,15,12],"class_list":{"0":"post-663869","1":"post","2":"type-post","3":"status-publish","4":"format-standard","5":"has-post-thumbnail","7":"category-mannheim","8":"tag-baden-wuerttemberg","9":"tag-de","10":"tag-deutschland","11":"tag-eu","12":"tag-europa","13":"tag-europe","14":"tag-germany","15":"tag-headlines","16":"tag-mannheim","17":"tag-nachrichten","18":"tag-news","19":"tag-schlagzeilen"},"share_on_mastodon":{"url":"https:\/\/pubeurope.com\/@de\/115761957106132228","error":""},"_links":{"self":[{"href":"https:\/\/www.europesays.com\/de\/wp-json\/wp\/v2\/posts\/663869","targetHints":{"allow":["GET"]}}],"collection":[{"href":"https:\/\/www.europesays.com\/de\/wp-json\/wp\/v2\/posts"}],"about":[{"href":"https:\/\/www.europesays.com\/de\/wp-json\/wp\/v2\/types\/post"}],"author":[{"embeddable":true,"href":"https:\/\/www.europesays.com\/de\/wp-json\/wp\/v2\/users\/2"}],"replies":[{"embeddable":true,"href":"https:\/\/www.europesays.com\/de\/wp-json\/wp\/v2\/comments?post=663869"}],"version-history":[{"count":0,"href":"https:\/\/www.europesays.com\/de\/wp-json\/wp\/v2\/posts\/663869\/revisions"}],"wp:featuredmedia":[{"embeddable":true,"href":"https:\/\/www.europesays.com\/de\/wp-json\/wp\/v2\/media\/663870"}],"wp:attachment":[{"href":"https:\/\/www.europesays.com\/de\/wp-json\/wp\/v2\/media?parent=663869"}],"wp:term":[{"taxonomy":"category","embeddable":true,"href":"https:\/\/www.europesays.com\/de\/wp-json\/wp\/v2\/categories?post=663869"},{"taxonomy":"post_tag","embeddable":true,"href":"https:\/\/www.europesays.com\/de\/wp-json\/wp\/v2\/tags?post=663869"}],"curies":[{"name":"wp","href":"https:\/\/api.w.org\/{rel}","templated":true}]}}