{"id":66387,"date":"2025-04-27T21:33:12","date_gmt":"2025-04-27T21:33:12","guid":{"rendered":"https:\/\/www.europesays.com\/de\/66387\/"},"modified":"2025-04-27T21:33:12","modified_gmt":"2025-04-27T21:33:12","slug":"eisloewen-verpassen-traum-vom-aufstieg-in-eigener-halle","status":"publish","type":"post","link":"https:\/\/www.europesays.com\/de\/66387\/","title":{"rendered":"Eisl\u00f6wen verpassen Traum vom Aufstieg in eigener Halle"},"content":{"rendered":"<p>Fox bringt Halle zum Beben<\/p>\n<p class=\"text\">\nDresden hatte einen wirklichen Traumstart: Schon in der zweiten Minute lenkte Ravensburg-Goalie Ilya Sharipova einen Schuss von Travis Turnbull aus spitzem Winkel vor die Kufen von Dane Fox, der auf 1:0 stellt. Die Eisl\u00f6wen hatten jetzt Oberwasser, Ravensburg gl\u00e4nzte vor allem durch H\u00e4rte. Doch das erste Powerplay hatten die Schwaben \u2013 und nutzten es prompt. Mathew Santos hielt die Kelle in eine Hereingabe von Robbie Czarnik zum Ausgleich (8.).\n<\/p>\n<p class=\"text\">\nDresden sch\u00fcttelte sich kurz, spielte dann aber wieder mutig nach vorn. Drew LeBlanc konnte eine Vorlage von Niklas Postel nicht am Towerstars-Goalie vorbeibringen. So musste es das Specialteam richten: Lukas Jung ging wegen Hakens vom Eis, kurz darauf zog Fox aus der Halbdistanz ab, Turnbulls Brust war dazwischen und lenkte den Puck ins Geh\u00e4use der Schwaben (14.). Beide Teams nutzten also ihr erstes Powerplay, Dresden gab mehr Sch\u00fcsse ab (17:8) und ging so mit Recht mit der F\u00fchrung in die erste Drittelpause.\n<\/p>\n<p>Santos nutzt \u00dcberzahl erneut<\/p>\n<p class=\"text\">\nAus der kamen die Eisl\u00f6wen besser, schn\u00fcrten Ravensburg im eigenen Drittel ein. Doch wieder nutzten die Schwaben ihre Chance in \u00dcberzahl \u2013 und wieder war es Santos (30.). Auf der anderen Seite verteidigten die Towerstars ihre vier (!) Unterzahlsituationen allein in diesem Abschnitt clever. Dresden nahm in diesen Momenten zu viele schwere Sch\u00fcsse und brachte das G\u00e4stetor somit kaum in Gefahr.\n<\/p>\n<p>Latta beendet den Traum vom Aufstieg zuhause<\/p>\n<p class=\"text\">\nDresden verteidigte im dritten Durchgang endlich ein Powerplay der Towerstars, blieb aber in eigener Zahl gl\u00fccklos. Daf\u00fcr zeigte der ESC im F\u00fcnf-gegen-F\u00fcnf sein K\u00f6nnen. David Rundqvist schnappte sich die Scheibe vom Gegner in deren Drittel und legte auf LeBlanc, der knapp vergab (48.). Nur Sekunden sp\u00e4ter hatte David Suvato ein tolles Solo, verz\u00f6gerte, nahm Ma\u00df \u2013 und verzog um Zentimeter.<\/p>\n","protected":false},"excerpt":{"rendered":"Fox bringt Halle zum Beben Dresden hatte einen wirklichen Traumstart: Schon in der zweiten Minute lenkte Ravensburg-Goalie Ilya&hellip;\n","protected":false},"author":2,"featured_media":66388,"comment_status":"","ping_status":"","sticky":false,"template":"","format":"standard","meta":{"footnotes":""},"categories":[1835],"tags":[5876,29590,29589,3364,2097,9488,26949,29,2386,6216,2100,2665,30,81,29587,6218,11680,859,3499,265,3498,29586,29588],"class_list":{"0":"post-66387","1":"post","2":"type-post","3":"status-publish","4":"format-standard","5":"has-post-thumbnail","7":"category-dresden","8":"tag-aufstieg","9":"tag-dane-fox","10":"tag-danny-aus-den-birken","11":"tag-de","12":"tag-del","13":"tag-del2","14":"tag-deutsche-meisterschaft","15":"tag-deutschland","16":"tag-dresden","17":"tag-dresdner-eisloewen","18":"tag-eishockey","19":"tag-finale","20":"tag-germany","21":"tag-mdr","22":"tag-niklas-sundblad","23":"tag-playoffs","24":"tag-ravensburg","25":"tag-sachsen","26":"tag-spio","27":"tag-sport","28":"tag-sport-im-osten","29":"tag-towerstars","30":"tag-travis-turnbull"},"share_on_mastodon":{"url":"https:\/\/pubeurope.com\/@de\/114412074280693381","error":""},"_links":{"self":[{"href":"https:\/\/www.europesays.com\/de\/wp-json\/wp\/v2\/posts\/66387","targetHints":{"allow":["GET"]}}],"collection":[{"href":"https:\/\/www.europesays.com\/de\/wp-json\/wp\/v2\/posts"}],"about":[{"href":"https:\/\/www.europesays.com\/de\/wp-json\/wp\/v2\/types\/post"}],"author":[{"embeddable":true,"href":"https:\/\/www.europesays.com\/de\/wp-json\/wp\/v2\/users\/2"}],"replies":[{"embeddable":true,"href":"https:\/\/www.europesays.com\/de\/wp-json\/wp\/v2\/comments?post=66387"}],"version-history":[{"count":0,"href":"https:\/\/www.europesays.com\/de\/wp-json\/wp\/v2\/posts\/66387\/revisions"}],"wp:featuredmedia":[{"embeddable":true,"href":"https:\/\/www.europesays.com\/de\/wp-json\/wp\/v2\/media\/66388"}],"wp:attachment":[{"href":"https:\/\/www.europesays.com\/de\/wp-json\/wp\/v2\/media?parent=66387"}],"wp:term":[{"taxonomy":"category","embeddable":true,"href":"https:\/\/www.europesays.com\/de\/wp-json\/wp\/v2\/categories?post=66387"},{"taxonomy":"post_tag","embeddable":true,"href":"https:\/\/www.europesays.com\/de\/wp-json\/wp\/v2\/tags?post=66387"}],"curies":[{"name":"wp","href":"https:\/\/api.w.org\/{rel}","templated":true}]}}