{"id":663915,"date":"2025-12-22T07:34:21","date_gmt":"2025-12-22T07:34:21","guid":{"rendered":"https:\/\/www.europesays.com\/de\/663915\/"},"modified":"2025-12-22T07:34:21","modified_gmt":"2025-12-22T07:34:21","slug":"reynir-thor-stefansson-erzielt-in-nuernberg-sein-erstes-bundesliga-tor-fuer-die-mt-melsungen","status":"publish","type":"post","link":"https:\/\/www.europesays.com\/de\/663915\/","title":{"rendered":"Reynir Thor Stefansson erzielt in N\u00fcrnberg sein erstes Bundesliga-Tor f\u00fcr die MT Melsungen"},"content":{"rendered":"<ol class=\"id-DonaldBreadcrumb lp_west_breadcrumb id-DonaldBreadcrumb--default\" data-k5a-pos=\"west_breadcrumb\">\n<li class=\"id-Breadcrumb-item\"><a href=\"https:\/\/www.hna.de\/\" class=\"id-Breadcrumb-link\" data-id-ec=\"{\" shn=\"\" textlink=\"\" data-k5a-pos=\"1_startseite\" target=\"_blank\" rel=\"noopener\">Startseite<\/a><\/li>\n<li class=\"id-Breadcrumb-item\"><a href=\"https:\/\/www.hna.de\/sport\/\" class=\"id-Breadcrumb-link\" data-id-ec=\"{\" shn=\"\" textlink=\"\" data-k5a-pos=\"2_sport\" target=\"_blank\" rel=\"noopener\">Sport<\/a><\/li>\n<li class=\"id-Breadcrumb-item\"><a href=\"https:\/\/www.hna.de\/sport\/mt-melsungen\/\" class=\"id-Breadcrumb-link\" data-id-ec=\"{\" shn=\"\" textlink=\"\" melsungen=\"\" data-k5a-pos=\"3_mtMelsungen\" target=\"_blank\" rel=\"noopener\">MT Melsungen<\/a><\/li>\n<\/ol>\n<p class=\"id-Story-timestamp id-Story-timestamp--default\">Stand: 22.12.2025, 07:49 Uhr<\/p>\n<p class=\"id-Story-authors id-Story-authors--default\">Von: <a class=\"id-Story-authors-link lp_west_author\" href=\"https:\/\/www.hna.de\/autor\/bjoern-mahr-m3yqxocbq.html\" title=\"Zur Autorenseite von Bj&#xF6;rn Mahr\" data-id-ec=\"{\" shn=\"\" author-link=\"\" mahr=\"\" data-k5a-pos=\"west_author\" target=\"_blank\" rel=\"noopener\">Bj\u00f6rn Mahr<\/a><\/p>\n<p class=\"id-Story-interactionBar id-Story-interactionBar--default\">DruckenTeilen<\/p>\n<p><img decoding=\"async\" class=\"id-RatioPlaceholder-element wv_story_el_image\" src=\"https:\/\/www.europesays.com\/de\/wp-content\/uploads\/2025\/12\/40897709-20-12-2025-handball-bundesliga-daikin-hbl-saison-2025-2026-18-spieltag-hc-erlangen-metropol.jpeg\" loading=\"eager\" fetchpriority=\"high\"   height=\"792\" width=\"1408\" alt=\"20.12.2025 - Handball - 1. Bundesliga DAIKIN HBL - Saison 2025 2026 - 18. Spieltag: HC Erlangen Metropolregion N&#xFC;rnberg HCE - MT Melsungen - \/ DaMa - xdaxmax - Florian Scheerer 10, HC Erlangen HCE  Reynir Thor Stefansson 19, MT Melsungen  Christoph Steinert  44, HC Erlangen HCE  *** 20 12 2025 Handball 1 Bundesliga DAIKIN HBL Season 2025 2026 18 Matchday HC Erlangen Metropolregion N&#xFC;rnberg HCE MT Melsungen DaMa xdaxmax Florian Scheerer 10, HC Erlangen HCE Reynir Thor Stefansson 19, MT Melsungen Christoph Steinert 44, HC Erlangen HCE\"\/>Warf sein erstes Bundesliga-Tor: Reynir Thor Stefansson (Mitte) kommt hier gegen Florian Scheerer (links) und Christoph Steinert zum Wurf. \u00a9\u00a0Imago\/sportfoto Zink \/ Daniel Marr\/IMAGO\/Zink<\/p>\n<p class=\"id-StoryElement-leadText\">Der junge Isl\u00e4nder Reynir Thor Stefansson traf f\u00fcr Handball-Bundesligist MT Melsungen vor fast 8000 Zuschauern in N\u00fcrnberg. Alles Wichtige rund ums Spiel der Nordhessen beim HC Erlangen, das 26:26 ausging. <\/p>\n<p class=\"id-StoryElement-paragraph\">Das Bundesliga-Tordeb\u00fct von Reynir Thor Stefansson und eine gro\u00dfartige Stimmung unterm Dach \u2013 wir haben alles Wichtige rund um das Spiel der MT Melsungen in der Handball-Bundesliga beim HC Erlangen zusammengetragen. <\/p>\n<p>Das Deb\u00fct-Tor<\/p>\n<p class=\"id-StoryElement-paragraph\">Ende November gab Reynir Thor Stefansson seinen Einstand im Bundesliga-Team der Melsunger. In der European League gelangen ihm gegen den schwedischen Vertreter HF Karlskrona f\u00fcnf Treffer. Zum schweren Spiel in N\u00fcrnberg beorderte Trainer Roberto Garcia Parrondo den jungen Isl\u00e4nder, der wegen Herzproblemen lange auf seinen ersten Einsatz warten musste, in die Startsieben. Und in der 14. Minute durfte Stefansson jubeln. Mit einem Schlagwurf aus dem linken R\u00fcckraum sorgte der 20-J\u00e4hrige f\u00fcr das 6:3 der Nordhessen. \u201eIch habe mich sehr f\u00fcr ihn gefreut\u201c, erkl\u00e4rt MT-Vorstand Andreas Mohr.<\/p>\n<p>Der fehlende Franzose<\/p>\n<p class=\"id-StoryElement-paragraph\">Neben dem verletzten Belarussen Vlad Kulesh stand den Melsungern kurzfristig auch der Franzose Sadou Ntanzi nicht zur Verf\u00fcgung. \u201eAus famili\u00e4ren Gr\u00fcnden war Sadou nicht dabei\u201c, erl\u00e4uterte Mohr. Heute wird er wieder zur Mannschaft sto\u00dfen. Damit ist er auch eine Option f\u00fcr das letzte Heimspiel des Kalenderjahres am 2. Weihnachtsfeiertag ab 17.30 Uhr (Rothenbach-Halle Kassel) gegen den TVB Stuttgart. Es wird sein letzter Auftritt im Melsunger Trikot. Danach wechselt er wie geplant nach Katar zu al-Arabi. Am Rande der Begegnung gegen die Schwaben wird er vom Bundesligisten verabschiedet. <\/p>\n<p>Die Stimmung<\/p>\n<p class=\"id-StoryElement-paragraph\">Melsungens Finanzvorstand Mohr f\u00fchlte sich vor dem Anwurf durch das Meer an Wunderkerzen ein bisschen an ein Eishockey-Spiel erinnert. Vier Tage vor Heiligabend waren fast 8000 Zuschauer in der PSD Bank Arena in N\u00fcrnberg. Und da der Gastgeber die Begegnung zur Black Night erkl\u00e4rt hatte, waren alle Besucher schwarz gekleidet in die Halle gekommen. Zwar stand Antonio Metzner dem HCE verletzungsbedingt nicht zur Verf\u00fcgung, der R\u00fcckraum-Rechte unterst\u00fctzte sein Team aber trotzdem kr\u00e4ftig. Denn der Linksh\u00e4nder mischte sich unter die Fans und \u00fcbernahm die Rolle als Trommler. (Bj\u00f6rn Mahr)<\/p>\n<p><img decoding=\"async\" class=\"id-RatioPlaceholder-element wv_story_el_image\" src=\"https:\/\/www.europesays.com\/de\/wp-content\/uploads\/2025\/12\/37710950-mt-melsungen-in-der-rothenbachhalle-am-07-04-2025-am-montagvormittag-kurz-nach-dem-training.jpeg\" loading=\"lazy\"   height=\"619\" width=\"1100\" alt=\"MT Melsungen in der Rothenbachhalle am 07.04.2025: Am Montagvormittag kurz nach dem Training stellen sich die Spieler den Medien (Medientermin \/ Interview..).Im Bild: Auch vor Ort: Andreas Mohr (Sprecher des Vorstands).Vorstand. Sport, Handball, Bundesliga, Pressetermin, Messe Kassel, Rothenbach, Halle.Bildmotiv von Pia Malmus. Foto\"\/>MT-Vorstand Andreas Mohr. \u00a9\u00a0Malmus, Pia<\/p>\n","protected":false},"excerpt":{"rendered":"Startseite Sport MT Melsungen Stand: 22.12.2025, 07:49 Uhr Von: Bj\u00f6rn Mahr DruckenTeilen Warf sein erstes Bundesliga-Tor: Reynir Thor&hellip;\n","protected":false},"author":2,"featured_media":663916,"comment_status":"","ping_status":"","sticky":false,"template":"","format":"standard","meta":{"footnotes":""},"categories":[1837],"tags":[772,3364,29,30,3783],"class_list":{"0":"post-663915","1":"post","2":"type-post","3":"status-publish","4":"format-standard","5":"has-post-thumbnail","7":"category-nuernberg","8":"tag-bayern","9":"tag-de","10":"tag-deutschland","11":"tag-germany","12":"tag-nuernberg"},"share_on_mastodon":{"url":"https:\/\/pubeurope.com\/@de\/115762068242122552","error":""},"_links":{"self":[{"href":"https:\/\/www.europesays.com\/de\/wp-json\/wp\/v2\/posts\/663915","targetHints":{"allow":["GET"]}}],"collection":[{"href":"https:\/\/www.europesays.com\/de\/wp-json\/wp\/v2\/posts"}],"about":[{"href":"https:\/\/www.europesays.com\/de\/wp-json\/wp\/v2\/types\/post"}],"author":[{"embeddable":true,"href":"https:\/\/www.europesays.com\/de\/wp-json\/wp\/v2\/users\/2"}],"replies":[{"embeddable":true,"href":"https:\/\/www.europesays.com\/de\/wp-json\/wp\/v2\/comments?post=663915"}],"version-history":[{"count":0,"href":"https:\/\/www.europesays.com\/de\/wp-json\/wp\/v2\/posts\/663915\/revisions"}],"wp:featuredmedia":[{"embeddable":true,"href":"https:\/\/www.europesays.com\/de\/wp-json\/wp\/v2\/media\/663916"}],"wp:attachment":[{"href":"https:\/\/www.europesays.com\/de\/wp-json\/wp\/v2\/media?parent=663915"}],"wp:term":[{"taxonomy":"category","embeddable":true,"href":"https:\/\/www.europesays.com\/de\/wp-json\/wp\/v2\/categories?post=663915"},{"taxonomy":"post_tag","embeddable":true,"href":"https:\/\/www.europesays.com\/de\/wp-json\/wp\/v2\/tags?post=663915"}],"curies":[{"name":"wp","href":"https:\/\/api.w.org\/{rel}","templated":true}]}}