{"id":663962,"date":"2025-12-22T08:04:13","date_gmt":"2025-12-22T08:04:13","guid":{"rendered":"https:\/\/www.europesays.com\/de\/663962\/"},"modified":"2025-12-22T08:04:13","modified_gmt":"2025-12-22T08:04:13","slug":"luftqualitaet-news-2025-die-meldungen-zur-luftverschmutzung-in-deutschland-2","status":"publish","type":"post","link":"https:\/\/www.europesays.com\/de\/663962\/","title":{"rendered":"Luftqualit\u00e4t News 2025: Die Meldungen zur Luftverschmutzung in Deutschland"},"content":{"rendered":"<p>                        Aktueller Nachrichten-Ticker zur Luftverschmutzung und Schadstoffen in Deutschland<\/p>\n<p>+++ 21.12.2025, 23:50 Uhr +++ <br \/><strong><a href=\"https:\/\/www.news.de\/thema\/luftqualitaet\/1\/\" target=\"_blank\" rel=\"noopener\"><strong>Luftqualit\u00e4t<\/strong><\/a> aktuell in Bamberg: Feinstaub-Alarm! Versch\u00e4rfte Belastung durch Luftverschmutzung<\/strong><br \/>Die Konzentration des Schadstoffes Feinstaub befindet sich in Bamberg am Montag in einem kritischen Bereich. Wie wirkt sich der Schadstoff auf Ihren K\u00f6rper aus? Wo sind die Werte am gef\u00e4hrlichsten? Und ist die Luftqualit\u00e4t aktuell schlechter als sonst? Hier erfahren Sie es! <a href=\"https:\/\/www.news.de\/gesundheit\/858024467\/luftqualitaet-bamberg-heute-am-18-09-2024-luftverschmutzung-aktuell-feinstaubwerte-hoch\/1\/\" target=\"_blank\" title=\"News zu Luftqualit\u00e4t\" rel=\"noopener\"><strong>\u00bb Weiterlesen<\/strong><\/a>  <\/p>\n<p>+++ 21.12.2025, 19:50 Uhr +++ <br \/><strong>Luftqualit\u00e4t aktuell in Berlin: Feinstaub-Warnung! Versch\u00e4rfte Belastung durch Luftverschmutzung<\/strong><br \/>Der Messwert f\u00fcr den Schadstoff Feinstaub \u00fcbersteigt in Berlin am Sonntag den unsch\u00e4dlichen Schwellwert. Hier sehen Sie, wo die Schadstoffbelastung besonders hoch ist und was das f\u00fcr Ihre Gesundheit bedeutet. <a href=\"https:\/\/www.news.de\/gesundheit\/858429302\/luftqualitaet-berlin-heute-am-07-03-2025-luftverschmutzung-heute-am-freitag-feinstaubwerte-schlecht\/1\/\" target=\"_blank\" title=\"News zu Luftqualit\u00e4t\" rel=\"noopener\"><strong>\u00bb Weiterlesen<\/strong><\/a>  <\/p>\n<p>+++ 21.12.2025, 19:50 Uhr +++ <br \/><strong>Luftqualit\u00e4t aktuell nahe Sproitz: Umweltbundesamt meldet Feinstaub-Alarm!<\/strong><br \/>In Sproitz ist die Feinstaubbelastung am Sonntag erh\u00f6ht. Finden Sie heraus, welche Auswirkungen der Schadstoff auf Ihren K\u00f6rper hat, welche Regionen besonders betroffen sind und ob die Luftqualit\u00e4t momentan schlechter als sonst ist. <a href=\"https:\/\/www.news.de\/gesundheit\/858001964\/luftqualitaet-sproitz-heute-am-07-09-2024-luftverschmutzung-aktuell-feinstaubwerte-erhoeht\/1\/\" target=\"_blank\" title=\"News zu Luftqualit\u00e4t\" rel=\"noopener\"><strong>\u00bb Weiterlesen<\/strong><\/a>  <\/p>\n<p>+++ 21.12.2025, 19:50 Uhr +++ <br \/><strong>Luftqualit\u00e4t aktuell in Elsterwerda: Umweltbundesamt meldet Feinstaub-Alarm!<\/strong><br \/>Der Messwert f\u00fcr den Schadstoff Feinstaub \u00fcbersteigt in Elsterwerda am Sonntag den unsch\u00e4dlichen Schwellwert. Wir zeigen, wo die Werte besonders kritisch sind und ob sich die Luftqualit\u00e4t gerade verschlechtert. <a href=\"https:\/\/www.news.de\/gesundheit\/858147056\/luftqualitaet-elsterwerda-heute-am-09-11-2024-luftverschmutzung-aktuell-feinstaubwerte-kritisch\/1\/\" target=\"_blank\" title=\"News zu Luftqualit\u00e4t\" rel=\"noopener\"><strong>\u00bb Weiterlesen<\/strong><\/a>  <\/p>\n<p>+++ 21.12.2025, 17:50 Uhr +++ <br \/><strong>Luftqualit\u00e4t aktuell in K\u00f6ln: Stickstoffdioxid-Alarm! Erh\u00f6hte Luftverschmutzung festgestellt<\/strong><br \/>In K\u00f6ln ist die Stickstoffdioxidbelastung am Sonntag \u00fcber den harmlosen Schwellwert getreten. Lesen Sie, wie der Schadstoff Ihren K\u00f6rper beeinflusst, welche Regionen am st\u00e4rksten betroffen sind und ob sich die Luftqualit\u00e4t aktuell verschlechtert hat. <a href=\"https:\/\/www.news.de\/gesundheit\/858433997\/luftqualitaet-koeln-heute-am-09-03-2025-luftverschmutzung-heute-am-sonntag-feinstaubwerte-schlecht\/1\/\" target=\"_blank\" title=\"News zu Luftqualit\u00e4t\" rel=\"noopener\"><strong>\u00bb Weiterlesen<\/strong><\/a>  <\/p>\n<p>+++ 21.12.2025, 17:50 Uhr +++ <br \/><strong>Luftqualit\u00e4t aktuell in Bernburg: Umweltbundesamt meldet Feinstaub-Warnung!<\/strong><br \/>Die Konzentration des Schadstoffes Feinstaub befindet sich in Bernburg am Sonntag in einem bedrohlichen Bereich. Lesen Sie, wie der Schadstoff Ihren K\u00f6rper beeinflusst, welche Regionen am st\u00e4rksten betroffen sind und ob sich die Luftqualit\u00e4t aktuell verschlechtert hat. <a href=\"https:\/\/www.news.de\/gesundheit\/858025805\/luftqualitaet-bernburg-heute-am-18-09-2024-luftverschmutzung-aktuell-feinstaubwerte-schlecht\/1\/\" target=\"_blank\" title=\"News zu Luftqualit\u00e4t\" rel=\"noopener\"><strong>\u00bb Weiterlesen<\/strong><\/a>  <\/p>\n<p>+++ 21.12.2025, 13:50 Uhr +++ <br \/><strong>Luftqualit\u00e4t aktuell nahe Oberaudorf: Feinstaub-Alarm! Luftverschmutzung au\u00dferhalb Normalbereich<\/strong><br \/>Die Konzentration des Schadstoffes Feinstaub befindet sich in Oberaudorf am Sonntag in einem ungesunden Bereich. Finden Sie heraus, welche Auswirkungen der Schadstoff auf Ihren K\u00f6rper hat, welche Regionen besonders betroffen sind und ob die Luftqualit\u00e4t momentan schlechter als sonst ist. <a href=\"https:\/\/www.news.de\/gesundheit\/858262751\/luftqualitaet-oberaudorf-heute-am-01-01-2025-luftverschmutzung-aktuell-feinstaubwerte-schlecht\/1\/\" target=\"_blank\" title=\"News zu Luftqualit\u00e4t\" rel=\"noopener\"><strong>\u00bb Weiterlesen<\/strong><\/a>  <\/p>\n<p>+++ 21.12.2025, 13:50 Uhr +++ <br \/><strong>Luftqualit\u00e4t aktuell in Zeitz: Umweltbundesamt meldet Feinstaub-Warnung!<\/strong><br \/>Die Konzentration des Schadstoffes Feinstaub befindet sich in Zeitz am Sonntag in einem bedrohlichen Bereich. Lesen Sie, wie der Schadstoff Ihren K\u00f6rper beeinflusst, welche Regionen am st\u00e4rksten betroffen sind und ob sich die Luftqualit\u00e4t aktuell verschlechtert hat. <a href=\"https:\/\/www.news.de\/gesundheit\/858358358\/luftqualitaet-zeitz-heute-am-09-02-2025-luftverschmutzung-heute-am-sonntag-feinstaubwerte-erhoeht\/1\/\" target=\"_blank\" title=\"News zu Luftqualit\u00e4t\" rel=\"noopener\"><strong>\u00bb Weiterlesen<\/strong><\/a>  <\/p>\n<p>+++ 20.12.2025, 23:50 Uhr +++ <br \/><strong>Luftqualit\u00e4t aktuell in Heppenheim: Feinstaub-Warnung! \u00dcberschreitung der normalen Luftqualit\u00e4tsgrenzen<\/strong><br \/>In Heppenheim ist die Feinstaubbelastung am Sonntag erh\u00f6ht. Finden Sie heraus, welche Auswirkungen der Schadstoff auf Ihren K\u00f6rper hat, welche Regionen besonders betroffen sind und ob die Luftqualit\u00e4t momentan schlechter als sonst ist. <a href=\"https:\/\/www.news.de\/gesundheit\/858230681\/luftqualitaet-heppenheim-heute-am-14-12-2024-luftverschmutzung-aktuell-feinstaubwerte-kritisch\/1\/\" target=\"_blank\" title=\"News zu Luftqualit\u00e4t\" rel=\"noopener\"><strong>\u00bb Weiterlesen<\/strong><\/a>  <\/p>\n<p>+++ 20.12.2025, 21:51 Uhr +++ <br \/><strong>Luftqualit\u00e4t aktuell in Zittau: Luftverschmutzung laut Umweltbundesamt im orangenen Bereich!<\/strong><br \/>In Zittau ist die Feinstaubbelastung am Samstag in einem ungesunden Bereich. Wie wirkt sich der Schadstoff auf Ihren K\u00f6rper aus? Wo sind die Werte am gef\u00e4hrlichsten? Und ist die Luftqualit\u00e4t aktuell schlechter als sonst? Hier erfahren Sie es! <a href=\"https:\/\/www.news.de\/gesundheit\/859142851\/luftqualitaet-zittau-heute-am-26-11-2025-luftverschmutzung-heute-am-mittwoch-feinstaubwerte-hoch\/1\/\" target=\"_blank\" title=\"News zu Luftqualit\u00e4t\" rel=\"noopener\"><strong>\u00bb Weiterlesen<\/strong><\/a>  <\/p>\n<p>Folgen Sie <a href=\"https:\/\/news.de\/\" target=\"_blank\" rel=\"noopener\"><strong>news.de<\/strong><\/a> schon bei <a href=\"https:\/\/www.facebook.com\/News.de\" rel=\"nofollow noopener\" target=\"_blank\"><strong>Facebook<\/strong><\/a> und <a href=\"https:\/\/www.youtube.com\/channel\/UCOzsvCb0KteNrzUboTonVYA\" rel=\"nofollow noopener\" target=\"_blank\"><strong>YouTube<\/strong><\/a>? Hier finden Sie brandhei\u00dfe News, aktuelle Videos, tolle Gewinnspiele und den direkten Draht zur Redaktion.  <\/p>\n<p>+++ Redaktioneller Hinweis: Im Artikel finden Sie t\u00e4glich frisch die neusten Meldungen zum Thema Luftqualit\u00e4t. Speichern Sie sich gerne diese Seite als Lesezeichen, um keine News mehr zu verpassen! Bei Anmerkungen oder R\u00fcckfragen wenden Sie sich bitte an hinweis@news.de. +++<\/p>\n<p><a href=\"https:\/\/www.news.de\/autor\/Danny+B%C3%BCchel\/\" rel=\"author noopener\" target=\"_blank\">bud<\/a>\/roj\/news.de<\/p>\n","protected":false},"excerpt":{"rendered":"Aktueller Nachrichten-Ticker zur Luftverschmutzung und Schadstoffen in Deutschland +++ 21.12.2025, 23:50 Uhr +++ Luftqualit\u00e4t aktuell in Bamberg: Feinstaub-Alarm!&hellip;\n","protected":false},"author":2,"featured_media":650074,"comment_status":"","ping_status":"","sticky":false,"template":"","format":"standard","meta":{"footnotes":""},"categories":[1825],"tags":[1941,1939,296,1937,29,30,141,1940,1938],"class_list":{"0":"post-663962","1":"post","2":"type-post","3":"status-publish","4":"format-standard","5":"has-post-thumbnail","7":"category-berlin","8":"tag-aktuelle-nachrichten-aus-berlin","9":"tag-aktuelle-news-aus-berlin","10":"tag-berlin","11":"tag-berlin-news","12":"tag-deutschland","13":"tag-germany","14":"tag-gesundheit","15":"tag-nachrichten-aus-berlin","16":"tag-news-aus-berlin"},"share_on_mastodon":{"url":"https:\/\/pubeurope.com\/@de\/115762185086553723","error":""},"_links":{"self":[{"href":"https:\/\/www.europesays.com\/de\/wp-json\/wp\/v2\/posts\/663962","targetHints":{"allow":["GET"]}}],"collection":[{"href":"https:\/\/www.europesays.com\/de\/wp-json\/wp\/v2\/posts"}],"about":[{"href":"https:\/\/www.europesays.com\/de\/wp-json\/wp\/v2\/types\/post"}],"author":[{"embeddable":true,"href":"https:\/\/www.europesays.com\/de\/wp-json\/wp\/v2\/users\/2"}],"replies":[{"embeddable":true,"href":"https:\/\/www.europesays.com\/de\/wp-json\/wp\/v2\/comments?post=663962"}],"version-history":[{"count":0,"href":"https:\/\/www.europesays.com\/de\/wp-json\/wp\/v2\/posts\/663962\/revisions"}],"wp:featuredmedia":[{"embeddable":true,"href":"https:\/\/www.europesays.com\/de\/wp-json\/wp\/v2\/media\/650074"}],"wp:attachment":[{"href":"https:\/\/www.europesays.com\/de\/wp-json\/wp\/v2\/media?parent=663962"}],"wp:term":[{"taxonomy":"category","embeddable":true,"href":"https:\/\/www.europesays.com\/de\/wp-json\/wp\/v2\/categories?post=663962"},{"taxonomy":"post_tag","embeddable":true,"href":"https:\/\/www.europesays.com\/de\/wp-json\/wp\/v2\/tags?post=663962"}],"curies":[{"name":"wp","href":"https:\/\/api.w.org\/{rel}","templated":true}]}}