{"id":663969,"date":"2025-12-22T08:09:13","date_gmt":"2025-12-22T08:09:13","guid":{"rendered":"https:\/\/www.europesays.com\/de\/663969\/"},"modified":"2025-12-22T08:09:13","modified_gmt":"2025-12-22T08:09:13","slug":"debatte-um-boellerverbot-spd-spitzenkandidat-silvester-in-berlin-einfach-irre-bayern","status":"publish","type":"post","link":"https:\/\/www.europesays.com\/de\/663969\/","title":{"rendered":"Debatte um B\u00f6llerverbot &#8211; SPD-Spitzenkandidat: Silvester in Berlin \u201eeinfach irre\u201c &#8211; Bayern"},"content":{"rendered":"<p data-manual=\"paragraph\" data-schema-org-speakable=\"true\" class=\"css-1eosz7k\"><a href=\"https:\/\/www.sueddeutsche.de\/thema\/Berlin\" target=\"_blank\" rel=\"noopener\">Berlin<\/a> (dpa\/bb) &#8211; Der Berliner SPD-Spitzenkandidat Steffen Krach hat die CDU aufgerufen, sich beim Thema B\u00f6llerverbot zu bewegen. \u201eWas wir Jahr f\u00fcr Jahr \u00fcberall in der Stadt an Silvester erleben, ist einfach irre\u201c, sagte Krach der \u201eFrankfurter Allgemeinen Zeitung\u201c. \u201eWir setzen uns mit unserer Innensenatorin seit Jahren hartn\u00e4ckig daf\u00fcr ein, dass wir das als Bundesland selbst regeln d\u00fcrfen. Da ist endlich Bewegung drin, und ich hoffe, dass sich auch die Berliner CDU in dieser Sache bewegt\u201c, sagte Krach weiter.<\/p>\n<p>Mehrheit f\u00fcr B\u00f6llerverbot<\/p>\n<p data-manual=\"paragraph\" data-schema-org-speakable=\"true\" class=\"css-1eosz7k\">Das sei die Politik der Polizei, der Feuerwehr und den Rettungskr\u00e4ften schuldig, \u201edie jedes Jahr gegen den Ausnahmezustand ank\u00e4mpfen\u201c. Inzwischen seien 75 Prozent der Berliner und Berlinerinnen f\u00fcr ein B\u00f6llerverbot.<\/p>\n<p data-manual=\"paragraph\" data-schema-org-speakable=\"true\" class=\"css-1eosz7k\">\u00a9 dpa-infocom, dpa:251222-930-455817\/1<\/p>\n","protected":false},"excerpt":{"rendered":"Berlin (dpa\/bb) &#8211; Der Berliner SPD-Spitzenkandidat Steffen Krach hat die CDU aufgerufen, sich beim Thema B\u00f6llerverbot zu bewegen.&hellip;\n","protected":false},"author":2,"featured_media":663970,"comment_status":"","ping_status":"","sticky":false,"template":"","format":"standard","meta":{"footnotes":""},"categories":[1825],"tags":[17274,772,296,29,30,1584,2281,149],"class_list":{"0":"post-663969","1":"post","2":"type-post","3":"status-publish","4":"format-standard","5":"has-post-thumbnail","7":"category-berlin","8":"tag-brauchtum","9":"tag-bayern","10":"tag-berlin","11":"tag-deutschland","12":"tag-germany","13":"tag-kriminalitaet","14":"tag-silvester","15":"tag-sueddeutsche-zeitung"},"share_on_mastodon":{"url":"https:\/\/pubeurope.com\/@de\/115762205028524692","error":""},"_links":{"self":[{"href":"https:\/\/www.europesays.com\/de\/wp-json\/wp\/v2\/posts\/663969","targetHints":{"allow":["GET"]}}],"collection":[{"href":"https:\/\/www.europesays.com\/de\/wp-json\/wp\/v2\/posts"}],"about":[{"href":"https:\/\/www.europesays.com\/de\/wp-json\/wp\/v2\/types\/post"}],"author":[{"embeddable":true,"href":"https:\/\/www.europesays.com\/de\/wp-json\/wp\/v2\/users\/2"}],"replies":[{"embeddable":true,"href":"https:\/\/www.europesays.com\/de\/wp-json\/wp\/v2\/comments?post=663969"}],"version-history":[{"count":0,"href":"https:\/\/www.europesays.com\/de\/wp-json\/wp\/v2\/posts\/663969\/revisions"}],"wp:featuredmedia":[{"embeddable":true,"href":"https:\/\/www.europesays.com\/de\/wp-json\/wp\/v2\/media\/663970"}],"wp:attachment":[{"href":"https:\/\/www.europesays.com\/de\/wp-json\/wp\/v2\/media?parent=663969"}],"wp:term":[{"taxonomy":"category","embeddable":true,"href":"https:\/\/www.europesays.com\/de\/wp-json\/wp\/v2\/categories?post=663969"},{"taxonomy":"post_tag","embeddable":true,"href":"https:\/\/www.europesays.com\/de\/wp-json\/wp\/v2\/tags?post=663969"}],"curies":[{"name":"wp","href":"https:\/\/api.w.org\/{rel}","templated":true}]}}