{"id":663986,"date":"2025-12-22T08:21:13","date_gmt":"2025-12-22T08:21:13","guid":{"rendered":"https:\/\/www.europesays.com\/de\/663986\/"},"modified":"2025-12-22T08:21:13","modified_gmt":"2025-12-22T08:21:13","slug":"russland-general-stirbt-bei-autoexplosion-in-moskau","status":"publish","type":"post","link":"https:\/\/www.europesays.com\/de\/663986\/","title":{"rendered":"Russland: General stirbt bei Autoexplosion in Moskau"},"content":{"rendered":"<p>Bei einer Explosion ist nach russischen Beh\u00f6rdenangaben im S\u00fcden von Moskau ein russischer General ums Leben gekommen. Laut den Ermittlern war ein Sprengsatz unter dem Auto von Generalleutnant Fanil Sarwarow angebracht.<\/p>\n<p class=\"is-first-paragraph\" data-external=\"Article.FirstParagraph\">Ein russischer General ist bei einem Anschlag im S\u00fcden Moskaus get\u00f6tet worden. Ein Sprengsatz sei unter dem Auto des 56-J\u00e4hrigen detoniert, berichtet die Nachrichtenagentur AP unter Berufung auf Ermittler. <\/p>\n<p>Eine Untersuchung wegen des \u201eMordes\u201c an Generalleutnant Sarwarow sei eingeleitet worden, erkl\u00e4rte der russische Ermittlungsausschuss f\u00fcr schwere Straftaten am Montag. Eine der untersuchten Spuren deute auf Verbindungen zu \u201eukrainischen Spezialeinheiten\u201c hin.<\/p>\n<p>Generalleutnant Fanil Sarwarow, Leiter der Direktion f\u00fcr operative Ausbildung des Generalstabs der russischen Streitkr\u00e4fte, erlag seinen Verletzungen, wie Sprecherin Swetlana Petrenko auf Telegram mitteilte. \u201eDie Ermittler pr\u00fcfen verschiedene Versionen des Mordes. Eine davon ist die Version, dass das Verbrechen von den ukrainischen Geheimdiensten organisiert wurde\u201c, schrieb sie.<\/p>\n<p><b>Alle Entwicklungen rund um <\/b><a class=\"is-link c-block-items__link c-link--rich-text-renderer\" href=\"https:\/\/www.welt.de\/politik\/ausland\/article6948e198f6fc544dba9b0552\/ukraine-krieg-putin-will-mehr-us-geheimdienste-warnen-vor-den-zielen-des-kreml.html\" data-internal-tracking-enabled=\"true\" data-internal-tracking=\"{&quot;action&quot;:&quot;click&quot;,&quot;label&quot;:&quot;link&quot;,&quot;name&quot;:&quot;Inline Element&quot;,&quot;data&quot;:{&quot;source&quot;:&quot;&quot;,&quot;target&quot;:&quot;https:\/\/www.welt.de\/politik\/ausland\/article6948e198f6fc544dba9b0552\/ukraine-krieg-putin-will-mehr-us-geheimdienste-warnen-vor-den-zielen-des-kreml.html&quot;,&quot;trackingName&quot;:&quot;&quot;,&quot;trackingLabel&quot;:&quot;&quot;}}\" target=\"_blank\" rel=\"noopener\"><b>die Ukraine im Liveticker<\/b><\/a><\/p>\n<p>Seit Beginn der russischen Invasion in der Ukraine im Februar 2022 wurden bereits mehrere mit dem Milit\u00e4reinsatz in Verbindung stehende Russen bei Sprengstoffanschl\u00e4gen in Russland get\u00f6tet. Im April starb General Jaroslaw Moskalik bei einer Autoexplosion in der N\u00e4he von Moskau. <\/p>\n<p>Vor einem Jahr war <a class=\"is-link c-block-items__link c-link--rich-text-renderer\" href=\"https:\/\/www.welt.de\/politik\/ausland\/article254893910\/Moskau-General-stirbt-bei-Explosion-Kiewer-Geheimdienst-beansprucht-Anschlag-fuer-sich.html\" data-internal-tracking-enabled=\"true\" data-internal-tracking=\"{&quot;action&quot;:&quot;click&quot;,&quot;label&quot;:&quot;link&quot;,&quot;name&quot;:&quot;Inline Element&quot;,&quot;data&quot;:{&quot;source&quot;:&quot;&quot;,&quot;target&quot;:&quot;https:\/\/www.welt.de\/politik\/ausland\/article254893910\/Moskau-General-stirbt-bei-Explosion-Kiewer-Geheimdienst-beansprucht-Anschlag-fuer-sich.html&quot;,&quot;trackingName&quot;:&quot;&quot;,&quot;trackingLabel&quot;:&quot;&quot;}}\" target=\"_blank\" rel=\"noopener\">der russische General Igor Kirillow<\/a> bei einem Bombenanschlag in Moskau get\u00f6tet worden. Damals bekannte sich der ukrainische Geheimdienst SBU dazu. Er machte \u2060Kirillow f\u00fcr den Einsatz chemischer Waffen gegen \u2060ukrainische Truppen verantwortlich. Russland wies diese Vorw\u00fcrfe zur\u00fcck.<\/p>\n<p>AP\/dpa\/ll\/saha<\/p>\n","protected":false},"excerpt":{"rendered":"Bei einer Explosion ist nach russischen Beh\u00f6rdenangaben im S\u00fcden von Moskau ein russischer General ums Leben gekommen. Laut&hellip;\n","protected":false},"author":2,"featured_media":663987,"comment_status":"","ping_status":"","sticky":false,"template":"","format":"standard","meta":{"footnotes":""},"categories":[3],"tags":[13,308,14,15,110,307,115,12,10,8,9,11,103,104],"class_list":{"0":"post-663986","1":"post","2":"type-post","3":"status-publish","4":"format-standard","5":"has-post-thumbnail","7":"category-welt","8":"tag-headlines","9":"tag-moskau","10":"tag-nachrichten","11":"tag-news","12":"tag-newsteam","13":"tag-russland","14":"tag-russland-ukraine-krieg-24-2-2022","15":"tag-schlagzeilen","16":"tag-top-news","17":"tag-top-meldungen","18":"tag-topmeldungen","19":"tag-topnews","20":"tag-welt","21":"tag-world"},"share_on_mastodon":{"url":"https:\/\/pubeurope.com\/@de\/115762252143893179","error":""},"_links":{"self":[{"href":"https:\/\/www.europesays.com\/de\/wp-json\/wp\/v2\/posts\/663986","targetHints":{"allow":["GET"]}}],"collection":[{"href":"https:\/\/www.europesays.com\/de\/wp-json\/wp\/v2\/posts"}],"about":[{"href":"https:\/\/www.europesays.com\/de\/wp-json\/wp\/v2\/types\/post"}],"author":[{"embeddable":true,"href":"https:\/\/www.europesays.com\/de\/wp-json\/wp\/v2\/users\/2"}],"replies":[{"embeddable":true,"href":"https:\/\/www.europesays.com\/de\/wp-json\/wp\/v2\/comments?post=663986"}],"version-history":[{"count":0,"href":"https:\/\/www.europesays.com\/de\/wp-json\/wp\/v2\/posts\/663986\/revisions"}],"wp:featuredmedia":[{"embeddable":true,"href":"https:\/\/www.europesays.com\/de\/wp-json\/wp\/v2\/media\/663987"}],"wp:attachment":[{"href":"https:\/\/www.europesays.com\/de\/wp-json\/wp\/v2\/media?parent=663986"}],"wp:term":[{"taxonomy":"category","embeddable":true,"href":"https:\/\/www.europesays.com\/de\/wp-json\/wp\/v2\/categories?post=663986"},{"taxonomy":"post_tag","embeddable":true,"href":"https:\/\/www.europesays.com\/de\/wp-json\/wp\/v2\/tags?post=663986"}],"curies":[{"name":"wp","href":"https:\/\/api.w.org\/{rel}","templated":true}]}}