{"id":663994,"date":"2025-12-22T08:26:26","date_gmt":"2025-12-22T08:26:26","guid":{"rendered":"https:\/\/www.europesays.com\/de\/663994\/"},"modified":"2025-12-22T08:26:26","modified_gmt":"2025-12-22T08:26:26","slug":"klaus-pavel-uebergibt-amt-des-honorarkonsuls-fuer-brasilien-an-sohn-christopher","status":"publish","type":"post","link":"https:\/\/www.europesays.com\/de\/663994\/","title":{"rendered":"Klaus Pavel \u00fcbergibt Amt des Honorarkonsuls f\u00fcr Brasilien an Sohn Christopher"},"content":{"rendered":"<p class=\"Paragraph_paragraph__exhQA Paragraph_paragraph--default-lg-default__8QZrI articleParagraph\">Was macht eigentlich ein Honorarkonsul oder eine Honorarkonsulin? Gleich sechs Honorarkonsulate gibt es in Aachen und der St\u00e4dteregion und ein siebtes in Langerwehe im Kreis D\u00fcren \u2013 f\u00fcnf werden von M\u00e4nnern, zwei von Frauen gef\u00fchrt, ganz ohne Honorar, im Ehrenamt. Honorar als Ableitung von lateinisch honos\/honor, was Ehre, Anerkennung und Auszeichnung bedeutet. Die Konsuln vertreten in ihren Bereichen einen ausl\u00e4ndischen Staat repr\u00e4sentativ, sind aber zugleich Anlaufstelle f\u00fcr B\u00fcrgerinnen und B\u00fcrger, f\u00f6rdern Wirtschafts-, Wissenschafts- und Kulturbeziehungen, helfen bei Antr\u00e4gen von Ausweisen, P\u00e4ssen oder Visa, die abschlie\u00dfend von Generalkonsulaten ausgestellt werden m\u00fcssen.<\/p>\n","protected":false},"excerpt":{"rendered":"Was macht eigentlich ein Honorarkonsul oder eine Honorarkonsulin? Gleich sechs Honorarkonsulate gibt es in Aachen und der St\u00e4dteregion&hellip;\n","protected":false},"author":2,"featured_media":663995,"comment_status":"","ping_status":"","sticky":false,"template":"","format":"standard","meta":{"footnotes":""},"categories":[1853],"tags":[1424,3364,29,548,663,3934,30,13,14,15,1209,12],"class_list":{"0":"post-663994","1":"post","2":"type-post","3":"status-publish","4":"format-standard","5":"has-post-thumbnail","7":"category-aachen","8":"tag-aachen","9":"tag-de","10":"tag-deutschland","11":"tag-eu","12":"tag-europa","13":"tag-europe","14":"tag-germany","15":"tag-headlines","16":"tag-nachrichten","17":"tag-news","18":"tag-nordrhein-westfalen","19":"tag-schlagzeilen"},"share_on_mastodon":{"url":"https:\/\/pubeurope.com\/@de\/115762271653699287","error":""},"_links":{"self":[{"href":"https:\/\/www.europesays.com\/de\/wp-json\/wp\/v2\/posts\/663994","targetHints":{"allow":["GET"]}}],"collection":[{"href":"https:\/\/www.europesays.com\/de\/wp-json\/wp\/v2\/posts"}],"about":[{"href":"https:\/\/www.europesays.com\/de\/wp-json\/wp\/v2\/types\/post"}],"author":[{"embeddable":true,"href":"https:\/\/www.europesays.com\/de\/wp-json\/wp\/v2\/users\/2"}],"replies":[{"embeddable":true,"href":"https:\/\/www.europesays.com\/de\/wp-json\/wp\/v2\/comments?post=663994"}],"version-history":[{"count":0,"href":"https:\/\/www.europesays.com\/de\/wp-json\/wp\/v2\/posts\/663994\/revisions"}],"wp:featuredmedia":[{"embeddable":true,"href":"https:\/\/www.europesays.com\/de\/wp-json\/wp\/v2\/media\/663995"}],"wp:attachment":[{"href":"https:\/\/www.europesays.com\/de\/wp-json\/wp\/v2\/media?parent=663994"}],"wp:term":[{"taxonomy":"category","embeddable":true,"href":"https:\/\/www.europesays.com\/de\/wp-json\/wp\/v2\/categories?post=663994"},{"taxonomy":"post_tag","embeddable":true,"href":"https:\/\/www.europesays.com\/de\/wp-json\/wp\/v2\/tags?post=663994"}],"curies":[{"name":"wp","href":"https:\/\/api.w.org\/{rel}","templated":true}]}}