{"id":663996,"date":"2025-12-22T08:27:16","date_gmt":"2025-12-22T08:27:16","guid":{"rendered":"https:\/\/www.europesays.com\/de\/663996\/"},"modified":"2025-12-22T08:27:16","modified_gmt":"2025-12-22T08:27:16","slug":"neue-studie-aus-kiel-ozean-nimmt-mehr-co2-auf-als-bisher-erwartet","status":"publish","type":"post","link":"https:\/\/www.europesays.com\/de\/663996\/","title":{"rendered":"Neue Studie aus Kiel: Ozean nimmt mehr CO2 auf als bisher erwartet"},"content":{"rendered":"<p>\n                Stand: 22.12.2025 08:33 Uhr<\/p>\n<p>                    <a href=\"https:\/\/www.europesays.com\/de\/wp-content\/uploads\/2025\/12\/hintergrundbilder-334.webp\" class=\"zoomimage\" title=\"Bild vergr\u00f6\u00dfern\"><\/p>\n<p>        <img decoding=\"async\" src=\"https:\/\/www.europesays.com\/de\/wp-content\/uploads\/2025\/12\/hintergrundbilder-334.webp\" alt=\"Wassersportler bei Sonnenuntergang am Fehmarnbelt.\" title=\"Neben dem Geomar Helmholtz-Zentrums f\u00fcr Ozeanforschung Kiel haben auch Forscher vom Plymouth Marine Laboratory mitgearbeitet. | Andreas Plenz\" class=\"responsive\" loading=\"lazy\"\/><\/p>\n<p>                    <\/a><\/p>\n<p>                    Neben dem Geomar Helmholtz-Zentrums f\u00fcr Ozeanforschung Kiel haben auch Forscher vom Plymouth Marine Laboratory mitgearbeitet.<\/p>\n<p class=\"\">Eine neue Studie des <a href=\"https:\/\/www.ndr.de\/nachrichten\/schleswig-holstein\/Kiel-Aktuelle-Nachrichten-News-und-Videos,kiel7262.html\" title=\"Kiel - Aktuelle Nachrichten und Videos\" target=\"_blank\" rel=\"noopener\">Kieler<\/a> Geomar Helmholtz-Zentrums zeigt, dass die Meere mehr CO2 aufnehmen als bisher angenommen. Nach Angaben des Forschungszentrums sind es etwa 15 Prozent mehr. Die Forschung beweist, dass Luftblasen in Wellen diesen Effekt verst\u00e4rken. Besonders stark soll demnach die zus\u00e4tzliche C02-Aufnahme in Gebieten mit starken Winden und brechenden Wellen wie im S\u00fcdpolarmeer sein. Die Erkenntnisse k\u00f6nnten viele Klimamodelle beeinflussen und zeigen Schw\u00e4chen bestehender Berechnungen.<\/p>\n<p class=\"\">Jetzt sind nach Geomar-Angaben weitere Daten n\u00f6tig, um den Effekt umfassender zu verstehen. Das Fazit der Forschung: Der Ozean spielt eine wichtige Rolle im Klimasystem und selbst scheinbar kleine Prozesse k\u00f6nnen gro\u00dfe Auswirkungen haben.<\/p>\n<p>Dieses Thema im Programm:<\/p>\n<p>                NDR.de | Regional-Update aus dem Studio Kiel | 22.12.2025 | 08:08 Uhr<\/p>\n","protected":false},"excerpt":{"rendered":"Stand: 22.12.2025 08:33 Uhr Neben dem Geomar Helmholtz-Zentrums f\u00fcr Ozeanforschung Kiel haben auch Forscher vom Plymouth Marine Laboratory&hellip;\n","protected":false},"author":2,"featured_media":663997,"comment_status":"","ping_status":"","sticky":false,"template":"","format":"standard","meta":{"footnotes":""},"categories":[1852],"tags":[3364,29,548,663,3934,597,18461,30,13,4949,14,15,12,1971,193],"class_list":{"0":"post-663996","1":"post","2":"type-post","3":"status-publish","4":"format-standard","5":"has-post-thumbnail","7":"category-kiel","8":"tag-de","9":"tag-deutschland","10":"tag-eu","11":"tag-europa","12":"tag-europe","13":"tag-forschung","14":"tag-geomar","15":"tag-germany","16":"tag-headlines","17":"tag-kiel","18":"tag-nachrichten","19":"tag-news","20":"tag-schlagzeilen","21":"tag-schleswig-holstein","22":"tag-wissenschaft"},"share_on_mastodon":{"url":"https:\/\/pubeurope.com\/@de\/115762276364718232","error":""},"_links":{"self":[{"href":"https:\/\/www.europesays.com\/de\/wp-json\/wp\/v2\/posts\/663996","targetHints":{"allow":["GET"]}}],"collection":[{"href":"https:\/\/www.europesays.com\/de\/wp-json\/wp\/v2\/posts"}],"about":[{"href":"https:\/\/www.europesays.com\/de\/wp-json\/wp\/v2\/types\/post"}],"author":[{"embeddable":true,"href":"https:\/\/www.europesays.com\/de\/wp-json\/wp\/v2\/users\/2"}],"replies":[{"embeddable":true,"href":"https:\/\/www.europesays.com\/de\/wp-json\/wp\/v2\/comments?post=663996"}],"version-history":[{"count":0,"href":"https:\/\/www.europesays.com\/de\/wp-json\/wp\/v2\/posts\/663996\/revisions"}],"wp:featuredmedia":[{"embeddable":true,"href":"https:\/\/www.europesays.com\/de\/wp-json\/wp\/v2\/media\/663997"}],"wp:attachment":[{"href":"https:\/\/www.europesays.com\/de\/wp-json\/wp\/v2\/media?parent=663996"}],"wp:term":[{"taxonomy":"category","embeddable":true,"href":"https:\/\/www.europesays.com\/de\/wp-json\/wp\/v2\/categories?post=663996"},{"taxonomy":"post_tag","embeddable":true,"href":"https:\/\/www.europesays.com\/de\/wp-json\/wp\/v2\/tags?post=663996"}],"curies":[{"name":"wp","href":"https:\/\/api.w.org\/{rel}","templated":true}]}}