{"id":663998,"date":"2025-12-22T08:28:20","date_gmt":"2025-12-22T08:28:20","guid":{"rendered":"https:\/\/www.europesays.com\/de\/663998\/"},"modified":"2025-12-22T08:28:20","modified_gmt":"2025-12-22T08:28:20","slug":"driftwood-holly-band-das-konzert-der-moderne-im-brauclub-in-chemnitz-konzert-29-01-2026-brauclub","status":"publish","type":"post","link":"https:\/\/www.europesays.com\/de\/663998\/","title":{"rendered":"Driftwood Holly Band | Das Konzert der Moderne im BrauClub in Chemnitz, Konzert, 29.01.2026, Brauclub"},"content":{"rendered":"\n<p>&#8222;Er~Leb~nis~Tour&#8220; 2026<br \/>Die Wege von Driftwood Holly in Worte zu fassen ist kaum m\u00f6glich.<br \/>Anfang 2026 bietet sich allen wieder die Chance Teil seiner immer unkonventioneller werdenden Er~Leb~nis~Kreationen zu werden und dabei festzustellen, dass er mit seiner Musik und seinen Geschichten dem Weinfass ganz sicher auch auf dieser Deutschland-Tour den Boden der Realit\u00e4t raushaut.<br \/>Holly l\u00e4dt dich erstmals in die Stadt der Modern nach Chemnitz ein. Mitten im Herzen der Stadt, vis-\u00e0-vis zum Rathaus findest du das Turm-Brauhaus mit seinem BrauClub. mit dir ein St\u00fcck \u00fcber unseren herrlichen Erden~Stern zu reisen.<br \/>Bei diesem Konzert werden Holly und seine drei Musketieren J\u00e4cki Reznicek (Silly) , Basti Reznicek (Stamping Feet) und Traumgeiger Pavel Osvald von moderner Projektionstechnik unterst\u00fctzt und nehmen dich auf dieser visuellen Reise mit in ihre Welt mit.Driftwood Holly Konzerte sind Dank seiner ihm treu folgenden und stetig wachsenden \u201eTribe\u201c alles andere als gew\u00f6hnlich, sie sind ein Kunst~Er~Leb~nis. Ehrlich, wild und respektvoll bieten sie dir einen Blick aus verschiedenen Perspektiven, die alle eins gemein haben:<br \/>&#8222;Sie schreien nach Er~Leb~nis\u201d.<br \/>Das sagen Medien \u00fcber Driftwood Holly:<br \/>&#8222;Nichts ersetzt das Live-Erlebnis. Das Gef\u00fchl, mit anderen Gleichgesinnten im Hollyversum zu sein und alles live und in Farbe erleben zu k\u00f6nnen, schon gar nicht. &#8220; Christian Reder von Deutsche Mugge<br \/>Konzerttermin: 29. Januar 2026<br \/>Veranstalter: audioviele-events | BrauClub<br \/>Einlass 19\u00b0\u00b0<br \/>Konzertbeginn 20\u00b0\u00b0<\/p>\n","protected":false},"excerpt":{"rendered":"&#8222;Er~Leb~nis~Tour&#8220; 2026Die Wege von Driftwood Holly in Worte zu fassen ist kaum m\u00f6glich.Anfang 2026 bietet sich allen wieder&hellip;\n","protected":false},"author":2,"featured_media":663999,"comment_status":"","ping_status":"","sticky":false,"template":"","format":"standard","meta":{"footnotes":""},"categories":[1851],"tags":[2770,3364,29,548,663,3934,30,13,14,15,859,12],"class_list":{"0":"post-663998","1":"post","2":"type-post","3":"status-publish","4":"format-standard","5":"has-post-thumbnail","7":"category-chemnitz","8":"tag-chemnitz","9":"tag-de","10":"tag-deutschland","11":"tag-eu","12":"tag-europa","13":"tag-europe","14":"tag-germany","15":"tag-headlines","16":"tag-nachrichten","17":"tag-news","18":"tag-sachsen","19":"tag-schlagzeilen"},"share_on_mastodon":{"url":"https:\/\/pubeurope.com\/@de\/115762279537323001","error":""},"_links":{"self":[{"href":"https:\/\/www.europesays.com\/de\/wp-json\/wp\/v2\/posts\/663998","targetHints":{"allow":["GET"]}}],"collection":[{"href":"https:\/\/www.europesays.com\/de\/wp-json\/wp\/v2\/posts"}],"about":[{"href":"https:\/\/www.europesays.com\/de\/wp-json\/wp\/v2\/types\/post"}],"author":[{"embeddable":true,"href":"https:\/\/www.europesays.com\/de\/wp-json\/wp\/v2\/users\/2"}],"replies":[{"embeddable":true,"href":"https:\/\/www.europesays.com\/de\/wp-json\/wp\/v2\/comments?post=663998"}],"version-history":[{"count":0,"href":"https:\/\/www.europesays.com\/de\/wp-json\/wp\/v2\/posts\/663998\/revisions"}],"wp:featuredmedia":[{"embeddable":true,"href":"https:\/\/www.europesays.com\/de\/wp-json\/wp\/v2\/media\/663999"}],"wp:attachment":[{"href":"https:\/\/www.europesays.com\/de\/wp-json\/wp\/v2\/media?parent=663998"}],"wp:term":[{"taxonomy":"category","embeddable":true,"href":"https:\/\/www.europesays.com\/de\/wp-json\/wp\/v2\/categories?post=663998"},{"taxonomy":"post_tag","embeddable":true,"href":"https:\/\/www.europesays.com\/de\/wp-json\/wp\/v2\/tags?post=663998"}],"curies":[{"name":"wp","href":"https:\/\/api.w.org\/{rel}","templated":true}]}}