{"id":664038,"date":"2025-12-22T08:51:25","date_gmt":"2025-12-22T08:51:25","guid":{"rendered":"https:\/\/www.europesays.com\/de\/664038\/"},"modified":"2025-12-22T08:51:25","modified_gmt":"2025-12-22T08:51:25","slug":"vortrag-und-diskussion-am-26-januar-2026-ueber-die-politische-situation-in-frankreich","status":"publish","type":"post","link":"https:\/\/www.europesays.com\/de\/664038\/","title":{"rendered":"Vortrag und Diskussion am 26. Januar 2026 \u00fcber die politische Situation in Frankreich"},"content":{"rendered":"<p class=\"rubric-datestamp\">Pressemitteilung vom 22.12.2025 \u00a0\u00a0\u00a0 <a href=\"https:\/\/www.ww-kurier.de\/newsprint.php?nid=165295\" target=\"_new\" rel=\"nofollow noopener\"><img decoding=\"async\" src=\"https:\/\/www.europesays.com\/de\/wp-content\/uploads\/2025\/04\/1744474996_303_print.gif\" border=\"0\" title=\"Artikel drucken\"\/><\/a><\/p>\n<p class=\"sdescript\">&#13;<br \/>\n\t\t\t\t\t\t\t\tFehlende Mehrheiten, gescheiterte Regierungen, Erfolge rechtsextremer Parteien,  Blockaden: Die franz\u00f6sische Politik ist seit Jahren im Krisenmodus. Welchen Anteil daran haben Akteure wie Pr\u00e4sident Macron und was liegt am politischen System? Und was braucht es f\u00fcr eine \u00dcberwindung der Krise?<\/p>\n<p>\t\t\t\t&#13;<br \/>\n                                    <a href=\"https:\/\/www.ww-kurier.de\/artikelbild\/165295-vortrag-und-diskussion-am-26--januar-2026-ueber-die-politische-situation-in-frankreich\" rel=\"nofollow noopener\" target=\"_blank\">&#13;<br \/>\n\t\t\t\t\t\t\t\t\t&#13;<br \/>\n\t\t\t\t\t\t\t\t\t\t\t\t\t<img loading=\"lazy\" decoding=\"async\" class=\"lazy\" src=\"https:\/\/www.europesays.com\/de\/wp-content\/uploads\/2025\/12\/VFM_20251222_01.jpg\" alt=\"\" width=\"359\" height=\"269\"\/>&#13;<br \/>\n\t\t\t\t\t\t\t\t\t\t\t\t\t\t\t\t\t\t<\/a>&#13;<br \/>\n                                    Die wilde K\u00fcste der Bretagne konnten die Radsportler der Equipe EuroDeK schon  bei einigen Frankreichrundfahrten bestaunen. (Foto: Pixabay)&#13;<\/p>\n<p class=\"rubric-textblock\">Montabaur. In einer gemeinsamen Vortrags- und Diskussionsveranstaltung am Montag, 26. Januar wollen die Deutsch Franz\u00f6sische Gesellschaft (DFG) zu Montabaur und die Radsportgruppe Equipe EuroDeK (die  lange als Equipe France die deutsch-franz\u00f6sische  Freundschaft im Rennradsattel pflegte), mehr dazu erfahren. Und das mit m\u00f6glichst vielen G\u00e4sten. <\/p>\n<p>Diese werden um 18 Uhr im Beratungs-Center der Sparkasse Westerwald-Sieg am Konrad-Adenauer-Platz in Montabaur erwartet. Referent und Gespr\u00e4chspartner ist Frankreichexperte Simon Braun von der Uni Bonn. Er wird in seinem Vortrag die Ursachen f\u00fcr die gegenw\u00e4rtige politische Instabilit\u00e4t im Nachbarland beleuchten und m\u00f6gliche Auswege skizzieren. Dar\u00fcber hinaus sollen die aktuellen Entwicklungen in der franz\u00f6sische Parteienlandschaft dargestellt und mit Blick auf die Pr\u00e4sidentschaftswahlen 2027 analysiert werden. Dazu sind alle Interessierten herzlich ohne Anmeldung willkommen. Der Eintritt ist frei, f\u00fcr passende Getr\u00e4nke ist gesorgt. DFG Montabaur und Equipe EuroDeK freuen sich mit der Sparkasse Westerwald-Sieg auf viele besetze St\u00fchle. Mehr Infos bei Bedarf gerne unter bernhardgressmann@gmail.com (DFG) oder uli@kleinkunst-mons-tabor.de (Equipe). (PM)\t\t\t\t\t   <\/p>\n<p class=\"rubric-textblock\">&#13;<br \/>\n\t\t\t\t\t\t\t\t&#13;<br \/>\n\t\t\t\t Mehr dazu:\u00a0\u00a0 &#13;<br \/>\n\t\t\t\t\t\t\t\t\t<a href=\"https:\/\/www.ww-kurier.de\/thema\/veranstaltungen\" rel=\"nofollow noopener\" target=\"_blank\">Veranstaltungen heute im Westerwald<\/a>\u00a0\u00a0&#13;<br \/>\n\t\t\t\t\t\t\t\t\t<br \/>&#13;<br \/>\n\t\t\t\t\t\t\t\t\t&#13;<br \/>\n\t\t\t\t&#13;<br \/>\n&#13;<br \/>\n\t\t\t\t\t\t\t&#13;<br \/>\n\t\t\t\t\tLokales:\u00a0<a href=\"https:\/\/www.ww-kurier.de\/lokalausgabe\/17-montabaur\" rel=\"nofollow noopener\" target=\"_blank\">Montabaur &amp; Umgebung<\/a><br \/>&#13;<br \/>\n\t\t\t\t\t&#13;<br \/>\n\t\t\t   Feedback:\u00a0<a href=\"https:\/\/easy-feedback.de\/mitteilung\/1781508\/U2n2Hq\/?CMSID=165295\" target=\"_blank\" rel=\"nofollow noopener\">Hinweise an die Redaktion<\/a>&#13;<br \/>\n\t\t\t   &#13;\n\t\t\t   <\/p>\n<p class=\"rubric-headline-primary\">WW-Kurier Newsletter: Immer bestens informiert<\/p>\n<p class=\"rubric-textblock\">&#13;<br \/>\n\t\t\t\tT\u00e4glich um 20 Uhr kostenlos die aktuellsten Nachrichten, Veranstaltungen und Stellenangebote der Region bequem ins Postfach.<\/p>\n<p>\t\t\t\t&#13;<br \/>\n\t\t\t\t\t&#13;<br \/>\n&#13;<br \/>\n\t\t\t\t\t&#13;<\/p>\n","protected":false},"excerpt":{"rendered":"Pressemitteilung vom 22.12.2025 \u00a0\u00a0\u00a0 &#13; Fehlende Mehrheiten, gescheiterte Regierungen, Erfolge rechtsextremer Parteien, Blockaden: Die franz\u00f6sische Politik ist seit&hellip;\n","protected":false},"author":2,"featured_media":664039,"comment_status":"","ping_status":"","sticky":false,"template":"","format":"standard","meta":{"footnotes":""},"categories":[3974],"tags":[590,331,332,548,663,3934,3980,156,13,9194,14,15,5399,12,15306,15307],"class_list":{"0":"post-664038","1":"post","2":"type-post","3":"status-publish","4":"format-standard","5":"has-post-thumbnail","7":"category-frankreich","8":"tag-aktuell","9":"tag-aktuelle-nachrichten","10":"tag-aktuelle-news","11":"tag-eu","12":"tag-europa","13":"tag-europe","14":"tag-france","15":"tag-frankreich","16":"tag-headlines","17":"tag-internetzeitung","18":"tag-nachrichten","19":"tag-news","20":"tag-region","21":"tag-schlagzeilen","22":"tag-westerwaldkreis","23":"tag-ww-kurier"},"share_on_mastodon":{"url":"","error":""},"_links":{"self":[{"href":"https:\/\/www.europesays.com\/de\/wp-json\/wp\/v2\/posts\/664038","targetHints":{"allow":["GET"]}}],"collection":[{"href":"https:\/\/www.europesays.com\/de\/wp-json\/wp\/v2\/posts"}],"about":[{"href":"https:\/\/www.europesays.com\/de\/wp-json\/wp\/v2\/types\/post"}],"author":[{"embeddable":true,"href":"https:\/\/www.europesays.com\/de\/wp-json\/wp\/v2\/users\/2"}],"replies":[{"embeddable":true,"href":"https:\/\/www.europesays.com\/de\/wp-json\/wp\/v2\/comments?post=664038"}],"version-history":[{"count":0,"href":"https:\/\/www.europesays.com\/de\/wp-json\/wp\/v2\/posts\/664038\/revisions"}],"wp:featuredmedia":[{"embeddable":true,"href":"https:\/\/www.europesays.com\/de\/wp-json\/wp\/v2\/media\/664039"}],"wp:attachment":[{"href":"https:\/\/www.europesays.com\/de\/wp-json\/wp\/v2\/media?parent=664038"}],"wp:term":[{"taxonomy":"category","embeddable":true,"href":"https:\/\/www.europesays.com\/de\/wp-json\/wp\/v2\/categories?post=664038"},{"taxonomy":"post_tag","embeddable":true,"href":"https:\/\/www.europesays.com\/de\/wp-json\/wp\/v2\/tags?post=664038"}],"curies":[{"name":"wp","href":"https:\/\/api.w.org\/{rel}","templated":true}]}}