{"id":664057,"date":"2025-12-22T09:03:11","date_gmt":"2025-12-22T09:03:11","guid":{"rendered":"https:\/\/www.europesays.com\/de\/664057\/"},"modified":"2025-12-22T09:03:11","modified_gmt":"2025-12-22T09:03:11","slug":"sat-elektrotechnik-aus-nuernberg-unterstuetzt-freude-fuer-alle-mit-8000-euro","status":"publish","type":"post","link":"https:\/\/www.europesays.com\/de\/664057\/","title":{"rendered":"SAT Elektrotechnik aus N\u00fcrnberg unterst\u00fctzt \u201eFreude f\u00fcr alle\u201c mit 8000 Euro"},"content":{"rendered":"<p>                                &#8211;                                SAT Elektrotechnik aus N\u00fcrnberg spendet 8.000 Euro an die Weihnachtsaktion \u201eFreude f\u00fcr alle\u201c. Anstelle von Kundenpr\u00e4senten unterst\u00fctzt das Unternehmen erneut Bed\u00fcrftige. Im kommenden Jahr wird es sein 50-j\u00e4hriges Betriebsjubil\u00e4um feiern.<\/p>\n<p>                SAT Elektrotechnik aus N\u00fcrnberg zeigt sich erneut gro\u00dfz\u00fcgig: Der Spezialist f\u00fcr intelligente elektrotechnische Ausstattungen von Industrie-, Gewerbe- und Verwaltungsgeb\u00e4uden spendet 8000 Euro an \u201eFreude f\u00fcr alle\u201c, die Weihnachtsaktion des Verlags N\u00fcrnberger Presse (VNP). Eine stattliche Summe, die anstelle von Kundenpr\u00e4senten einmal mehr notleidenden Menschen aus unserer Region zugutekommt.<\/p>\n<p>Man blicke positiv in die Zukunft, hei\u00dft es bei der symbolischen Spenden\u00fcbergabe &#8211; trotz Krieg, Inflation und manchen Lieferengp\u00e4ssen. SAT Elektrotechnik werde gest\u00e4rkt aus den aktuellen Krisen hervorgehen.<\/p>\n<p>Im kommenden Jahr wird das 50-j\u00e4hrige Betriebsjubil\u00e4um gefeiert. Geplant ist ein gro\u00dfes Fest f\u00fcr die rund 90 Mitarbeitenden, aber auch Kunden und Lieferanten. Viele von ihnen sind l\u00e4ngst zu Partnern geworden. \u201eDas ist das Sch\u00f6ne, man baut pers\u00f6nliche Beziehungen auf\u201c, sagt Ralph Elger, der zusammen mit Konrad und Matthias Strau\u00df die Gesch\u00e4ftsf\u00fchrung von SAT Elektrotechnik innehat.<\/p>\n","protected":false},"excerpt":{"rendered":"&#8211; SAT Elektrotechnik aus N\u00fcrnberg spendet 8.000 Euro an die Weihnachtsaktion \u201eFreude f\u00fcr alle\u201c. Anstelle von Kundenpr\u00e4senten unterst\u00fctzt&hellip;\n","protected":false},"author":2,"featured_media":664058,"comment_status":"","ping_status":"","sticky":false,"template":"","format":"standard","meta":{"footnotes":""},"categories":[1837],"tags":[772,3364,29,30,3783],"class_list":{"0":"post-664057","1":"post","2":"type-post","3":"status-publish","4":"format-standard","5":"has-post-thumbnail","7":"category-nuernberg","8":"tag-bayern","9":"tag-de","10":"tag-deutschland","11":"tag-germany","12":"tag-nuernberg"},"share_on_mastodon":{"url":"https:\/\/pubeurope.com\/@de\/115762417081561662","error":""},"_links":{"self":[{"href":"https:\/\/www.europesays.com\/de\/wp-json\/wp\/v2\/posts\/664057","targetHints":{"allow":["GET"]}}],"collection":[{"href":"https:\/\/www.europesays.com\/de\/wp-json\/wp\/v2\/posts"}],"about":[{"href":"https:\/\/www.europesays.com\/de\/wp-json\/wp\/v2\/types\/post"}],"author":[{"embeddable":true,"href":"https:\/\/www.europesays.com\/de\/wp-json\/wp\/v2\/users\/2"}],"replies":[{"embeddable":true,"href":"https:\/\/www.europesays.com\/de\/wp-json\/wp\/v2\/comments?post=664057"}],"version-history":[{"count":0,"href":"https:\/\/www.europesays.com\/de\/wp-json\/wp\/v2\/posts\/664057\/revisions"}],"wp:featuredmedia":[{"embeddable":true,"href":"https:\/\/www.europesays.com\/de\/wp-json\/wp\/v2\/media\/664058"}],"wp:attachment":[{"href":"https:\/\/www.europesays.com\/de\/wp-json\/wp\/v2\/media?parent=664057"}],"wp:term":[{"taxonomy":"category","embeddable":true,"href":"https:\/\/www.europesays.com\/de\/wp-json\/wp\/v2\/categories?post=664057"},{"taxonomy":"post_tag","embeddable":true,"href":"https:\/\/www.europesays.com\/de\/wp-json\/wp\/v2\/tags?post=664057"}],"curies":[{"name":"wp","href":"https:\/\/api.w.org\/{rel}","templated":true}]}}